{"id":10032,"date":"2019-05-24T13:25:22","date_gmt":"2019-05-24T11:25:22","guid":{"rendered":"http:\/\/wir-von-der-kennedy.de\/wirvonderkennedyfinal\/?p=10032"},"modified":"2019-05-24T13:44:09","modified_gmt":"2019-05-24T11:44:09","slug":"wenn-es-dunkel-wird","status":"publish","type":"post","link":"https:\/\/wir-von-der-kennedy.de\/wirvonderkennedyfinal\/wenn-es-dunkel-wird\/","title":{"rendered":"&#8222;Wenn es dunkel wird\u2026&#8220; in der Mensa!"},"content":{"rendered":"\n<p class=\"wp-block-paragraph\">Dieses Schuljahr \u00fcberraschte die Theater-AG der JFK mit einer Eigenproduktion. <br>Im Theaterst\u00fcck \u201eWenn es dunkel wird\u2026\u201c zeigten die Sch\u00fclerinnen und Sch\u00fcler erstmals ihr K\u00f6nnen in der Gestaltung eines eigenen St\u00fcckes. Von der Planung bis hin zur Durchf\u00fchrung und dem offenen Ende blieb vieles in der Hand der Sch\u00fcler. <br>\u201eF\u00fcr eine Schultheatergruppe bringt eine Eigenproduktion einen wesentlichen Vorteil mit sich: Die Sch\u00fclerinnen und Sch\u00fcler k\u00f6nnen sich ein ,eigenes&#8216; St\u00fcck selbst\u00e4ndig erarbeiten, mit dem sie sich identifizieren und in das viele pers\u00f6nliche Ideen einflie\u00dfen\u201c, teilte Frau Haberland der Sch\u00fclerzeitung mit. <br><a href=\"http:\/\/wir-von-der-kennedy.de\/wirvonderkennedyfinal\/schuljahr-2018-2019-2-halbjahr\/\">Hier klicken: Mehr \u00fcber die tolle Inszenierung und noch mehr Fotos!<\/a><\/p>\n\n\n\n<figure class=\"wp-block-image\"><a href=\"http:\/\/wir-von-der-kennedy.de\/wirvonderkennedyfinal\/wp-content\/uploads\/2019\/05\/IMG_0596.jpg\"><img loading=\"lazy\" decoding=\"async\" width=\"1003\" height=\"753\" src=\"http:\/\/wir-von-der-kennedy.de\/wirvonderkennedyfinal\/wp-content\/uploads\/2019\/05\/IMG_0596.jpg\" alt=\"\" class=\"wp-image-10023\" srcset=\"https:\/\/wir-von-der-kennedy.de\/wirvonderkennedyfinal\/wp-content\/uploads\/2019\/05\/IMG_0596.jpg 1003w, https:\/\/wir-von-der-kennedy.de\/wirvonderkennedyfinal\/wp-content\/uploads\/2019\/05\/IMG_0596-300x225.jpg 300w, https:\/\/wir-von-der-kennedy.de\/wirvonderkennedyfinal\/wp-content\/uploads\/2019\/05\/IMG_0596-768x577.jpg 768w, https:\/\/wir-von-der-kennedy.de\/wirvonderkennedyfinal\/wp-content\/uploads\/2019\/05\/IMG_0596-400x300.jpg 400w\" sizes=\"auto, (max-width: 1003px) 100vw, 1003px\" \/><\/a><\/figure>\n\n\n\n<p class=\"wp-block-paragraph\">&nbsp;<\/p>\n","protected":false},"excerpt":{"rendered":"<p>Dieses Schuljahr \u00fcberraschte die Theater-AG der JFK mit einer Eigenproduktion. Im Theaterst\u00fcck \u201eWenn es dunkel wird\u2026\u201c zeigten die Sch\u00fclerinnen und Sch\u00fcler erstmals ihr K\u00f6nnen in der Gestaltung eines eigenen St\u00fcckes. Von der Planung bis hin zur Durchf\u00fchrung und dem offenen Ende blieb vieles in der Hand der Sch\u00fcler. \u201eF\u00fcr eine Schultheatergruppe bringt eine Eigenproduktion einen&#8230; <\/p>\n<div class=\"clear\"><\/div>\n<p><a href=\"https:\/\/wir-von-der-kennedy.de\/wirvonderkennedyfinal\/wenn-es-dunkel-wird\/\" class=\"gdlr-info-font excerpt-read-more\">Read More<\/a><\/p>\n","protected":false},"author":2,"featured_media":0,"comment_status":"closed","ping_status":"closed","sticky":false,"template":"","format":"standard","meta":{"_crdt_document":"","footnotes":""},"categories":[1],"tags":[],"class_list":["post-10032","post","type-post","status-publish","format-standard","hentry","category-allgemein"],"_links":{"self":[{"href":"https:\/\/wir-von-der-kennedy.de\/wirvonderkennedyfinal\/wp-json\/wp\/v2\/posts\/10032","targetHints":{"allow":["GET"]}}],"collection":[{"href":"https:\/\/wir-von-der-kennedy.de\/wirvonderkennedyfinal\/wp-json\/wp\/v2\/posts"}],"about":[{"href":"https:\/\/wir-von-der-kennedy.de\/wirvonderkennedyfinal\/wp-json\/wp\/v2\/types\/post"}],"author":[{"embeddable":true,"href":"https:\/\/wir-von-der-kennedy.de\/wirvonderkennedyfinal\/wp-json\/wp\/v2\/users\/2"}],"replies":[{"embeddable":true,"href":"https:\/\/wir-von-der-kennedy.de\/wirvonderkennedyfinal\/wp-json\/wp\/v2\/comments?post=10032"}],"version-history":[{"count":8,"href":"https:\/\/wir-von-der-kennedy.de\/wirvonderkennedyfinal\/wp-json\/wp\/v2\/posts\/10032\/revisions"}],"predecessor-version":[{"id":10048,"href":"https:\/\/wir-von-der-kennedy.de\/wirvonderkennedyfinal\/wp-json\/wp\/v2\/posts\/10032\/revisions\/10048"}],"wp:attachment":[{"href":"https:\/\/wir-von-der-kennedy.de\/wirvonderkennedyfinal\/wp-json\/wp\/v2\/media?parent=10032"}],"wp:term":[{"taxonomy":"category","embeddable":true,"href":"https:\/\/wir-von-der-kennedy.de\/wirvonderkennedyfinal\/wp-json\/wp\/v2\/categories?post=10032"},{"taxonomy":"post_tag","embeddable":true,"href":"https:\/\/wir-von-der-kennedy.de\/wirvonderkennedyfinal\/wp-json\/wp\/v2\/tags?post=10032"}],"curies":[{"name":"wp","href":"https:\/\/api.w.org\/{rel}","templated":true}]}}