{"id":10230,"date":"2019-08-12T09:27:18","date_gmt":"2019-08-12T07:27:18","guid":{"rendered":"http:\/\/wir-von-der-kennedy.de\/wirvonderkennedyfinal\/?p=10230"},"modified":"2019-08-12T09:28:46","modified_gmt":"2019-08-12T07:28:46","slug":"es-geht-wieder-los","status":"publish","type":"post","link":"https:\/\/wir-von-der-kennedy.de\/wirvonderkennedyfinal\/es-geht-wieder-los\/","title":{"rendered":"Es geht wieder los!"},"content":{"rendered":"\r\n<p class=\"wp-block-paragraph\">Heute, am 12. August 2019 beginnt das neue Schuljahr. Wir w\u00fcnschen allen Sch\u00fclerinnen und Sch\u00fclern der JFK viel Erfolg und Spa\u00df im Unterricht und den Pausen. Alle wichtigen Termine f\u00fcr die n\u00e4chsten Monate k\u00f6nnen der Homepage entnommen werden. <a href=\"http:\/\/wir-von-der-kennedy.de\/wirvonderkennedyfinal\/eltern\/termine\/\">Termine 2019\/2020!<\/a><\/p>\r\n","protected":false},"excerpt":{"rendered":"<p>Heute, am 12. August 2019 beginnt das neue Schuljahr. Wir w\u00fcnschen allen Sch\u00fclerinnen und Sch\u00fclern der JFK viel Erfolg und Spa\u00df im Unterricht und den Pausen. Alle wichtigen Termine f\u00fcr die n\u00e4chsten Monate k\u00f6nnen der Homepage entnommen werden. Termine 2019\/2020!<\/p>\n","protected":false},"author":2,"featured_media":0,"comment_status":"closed","ping_status":"closed","sticky":false,"template":"","format":"standard","meta":{"_crdt_document":"","footnotes":""},"categories":[1],"tags":[],"class_list":["post-10230","post","type-post","status-publish","format-standard","hentry","category-allgemein"],"_links":{"self":[{"href":"https:\/\/wir-von-der-kennedy.de\/wirvonderkennedyfinal\/wp-json\/wp\/v2\/posts\/10230","targetHints":{"allow":["GET"]}}],"collection":[{"href":"https:\/\/wir-von-der-kennedy.de\/wirvonderkennedyfinal\/wp-json\/wp\/v2\/posts"}],"about":[{"href":"https:\/\/wir-von-der-kennedy.de\/wirvonderkennedyfinal\/wp-json\/wp\/v2\/types\/post"}],"author":[{"embeddable":true,"href":"https:\/\/wir-von-der-kennedy.de\/wirvonderkennedyfinal\/wp-json\/wp\/v2\/users\/2"}],"replies":[{"embeddable":true,"href":"https:\/\/wir-von-der-kennedy.de\/wirvonderkennedyfinal\/wp-json\/wp\/v2\/comments?post=10230"}],"version-history":[{"count":3,"href":"https:\/\/wir-von-der-kennedy.de\/wirvonderkennedyfinal\/wp-json\/wp\/v2\/posts\/10230\/revisions"}],"predecessor-version":[{"id":10233,"href":"https:\/\/wir-von-der-kennedy.de\/wirvonderkennedyfinal\/wp-json\/wp\/v2\/posts\/10230\/revisions\/10233"}],"wp:attachment":[{"href":"https:\/\/wir-von-der-kennedy.de\/wirvonderkennedyfinal\/wp-json\/wp\/v2\/media?parent=10230"}],"wp:term":[{"taxonomy":"category","embeddable":true,"href":"https:\/\/wir-von-der-kennedy.de\/wirvonderkennedyfinal\/wp-json\/wp\/v2\/categories?post=10230"},{"taxonomy":"post_tag","embeddable":true,"href":"https:\/\/wir-von-der-kennedy.de\/wirvonderkennedyfinal\/wp-json\/wp\/v2\/tags?post=10230"}],"curies":[{"name":"wp","href":"https:\/\/api.w.org\/{rel}","templated":true}]}}