{"id":10345,"date":"2019-09-02T14:12:29","date_gmt":"2019-09-02T12:12:29","guid":{"rendered":"http:\/\/wir-von-der-kennedy.de\/wirvonderkennedyfinal\/?p=10345"},"modified":"2019-09-02T14:13:32","modified_gmt":"2019-09-02T12:13:32","slug":"radio-jfk-interview-mit-komikerin-mirja-boes","status":"publish","type":"post","link":"https:\/\/wir-von-der-kennedy.de\/wirvonderkennedyfinal\/radio-jfk-interview-mit-komikerin-mirja-boes\/","title":{"rendered":"Radio JFK: Interview mit Komikerin Mirja Boes!"},"content":{"rendered":"<p>Zwischen Soundcheck und ihrem Konzert auf dem Marktplatz von Nidderau-Windecken fand die mehrfach ausgezeichnete Komikerin und S\u00e4ngerin Mirja Boes Zeit f\u00fcr ein Interview mit unserem Radio JFK. Am sonnigen Samstagnachmittag erz\u00e4hlte sie von ihrem peinlichsten Schulerlebnis und welche F\u00e4cher sie besonders mochte. Zu einer Gesangseinlage auf Italienisch mit dem Kr\u00fcmelmonster (!) musste die geb\u00fcrtige Rheinl\u00e4nderin nicht lange \u00fcberredet werden. Am Schluss gab es noch Autogramme f\u00fcr und Fotos mit den Moderatorinnen Sarah und Sabrina sowie Techniker Liam. Begleitet wurden die drei Neuntkl\u00e4ssler am 31. August 2019 von den Lehrern Ren\u00e9 Di Rienzo und Martin Wolfsholz.<\/p>\n<p>Das vollst\u00e4ndige Interview gibt&#8217;s demn\u00e4chst auf der Homepage von Radio JFK!<\/p>\n<p><a href=\"http:\/\/wir-von-der-kennedy.de\/wirvonderkennedyfinal\/wp-content\/uploads\/2019\/09\/Mirja-Boes.jpg\"><img loading=\"lazy\" decoding=\"async\" class=\"alignnone wp-image-10344 size-large\" src=\"http:\/\/wir-von-der-kennedy.de\/wirvonderkennedyfinal\/wp-content\/uploads\/2019\/09\/Mirja-Boes-1024x576.jpg\" alt=\"\" width=\"960\" height=\"540\" srcset=\"https:\/\/wir-von-der-kennedy.de\/wirvonderkennedyfinal\/wp-content\/uploads\/2019\/09\/Mirja-Boes-1024x576.jpg 1024w, https:\/\/wir-von-der-kennedy.de\/wirvonderkennedyfinal\/wp-content\/uploads\/2019\/09\/Mirja-Boes-300x169.jpg 300w, https:\/\/wir-von-der-kennedy.de\/wirvonderkennedyfinal\/wp-content\/uploads\/2019\/09\/Mirja-Boes-768x432.jpg 768w\" sizes=\"auto, (max-width: 960px) 100vw, 960px\" \/><\/a><\/p>\n","protected":false},"excerpt":{"rendered":"<p>Zwischen Soundcheck und ihrem Konzert auf dem Marktplatz von Nidderau-Windecken fand die mehrfach ausgezeichnete Komikerin und S\u00e4ngerin Mirja Boes Zeit f\u00fcr ein Interview mit unserem Radio JFK. Am sonnigen Samstagnachmittag erz\u00e4hlte sie von ihrem peinlichsten Schulerlebnis und welche F\u00e4cher sie besonders mochte. Zu einer Gesangseinlage auf Italienisch mit dem Kr\u00fcmelmonster (!) musste die geb\u00fcrtige Rheinl\u00e4nderin&#8230; <\/p>\n<div class=\"clear\"><\/div>\n<p><a href=\"https:\/\/wir-von-der-kennedy.de\/wirvonderkennedyfinal\/radio-jfk-interview-mit-komikerin-mirja-boes\/\" class=\"gdlr-info-font excerpt-read-more\">Read More<\/a><\/p>\n","protected":false},"author":2,"featured_media":0,"comment_status":"closed","ping_status":"closed","sticky":false,"template":"","format":"standard","meta":{"_crdt_document":"","footnotes":""},"categories":[1],"tags":[],"class_list":["post-10345","post","type-post","status-publish","format-standard","hentry","category-allgemein"],"_links":{"self":[{"href":"https:\/\/wir-von-der-kennedy.de\/wirvonderkennedyfinal\/wp-json\/wp\/v2\/posts\/10345","targetHints":{"allow":["GET"]}}],"collection":[{"href":"https:\/\/wir-von-der-kennedy.de\/wirvonderkennedyfinal\/wp-json\/wp\/v2\/posts"}],"about":[{"href":"https:\/\/wir-von-der-kennedy.de\/wirvonderkennedyfinal\/wp-json\/wp\/v2\/types\/post"}],"author":[{"embeddable":true,"href":"https:\/\/wir-von-der-kennedy.de\/wirvonderkennedyfinal\/wp-json\/wp\/v2\/users\/2"}],"replies":[{"embeddable":true,"href":"https:\/\/wir-von-der-kennedy.de\/wirvonderkennedyfinal\/wp-json\/wp\/v2\/comments?post=10345"}],"version-history":[{"count":2,"href":"https:\/\/wir-von-der-kennedy.de\/wirvonderkennedyfinal\/wp-json\/wp\/v2\/posts\/10345\/revisions"}],"predecessor-version":[{"id":10347,"href":"https:\/\/wir-von-der-kennedy.de\/wirvonderkennedyfinal\/wp-json\/wp\/v2\/posts\/10345\/revisions\/10347"}],"wp:attachment":[{"href":"https:\/\/wir-von-der-kennedy.de\/wirvonderkennedyfinal\/wp-json\/wp\/v2\/media?parent=10345"}],"wp:term":[{"taxonomy":"category","embeddable":true,"href":"https:\/\/wir-von-der-kennedy.de\/wirvonderkennedyfinal\/wp-json\/wp\/v2\/categories?post=10345"},{"taxonomy":"post_tag","embeddable":true,"href":"https:\/\/wir-von-der-kennedy.de\/wirvonderkennedyfinal\/wp-json\/wp\/v2\/tags?post=10345"}],"curies":[{"name":"wp","href":"https:\/\/api.w.org\/{rel}","templated":true}]}}