{"id":10411,"date":"2019-09-14T12:07:53","date_gmt":"2019-09-14T10:07:53","guid":{"rendered":"http:\/\/wir-von-der-kennedy.de\/wirvonderkennedyfinal\/?p=10411"},"modified":"2019-09-14T12:12:57","modified_gmt":"2019-09-14T10:12:57","slug":"10411-2","status":"publish","type":"post","link":"https:\/\/wir-von-der-kennedy.de\/wirvonderkennedyfinal\/10411-2\/","title":{"rendered":"SV w\u00e4hlt neue Schulsprecherinnen!"},"content":{"rendered":"\r\n<p class=\"wp-block-paragraph\">Auf der SV-Versammlung am 11. September 2019 wurde die Sch\u00fclerin Verena Zeller (10aR) zur neuen Schulsprecherin und Malina D\u00f6rflinger (9bR) zu ihrer Stellvertreterin gew\u00e4hlt.\u00a0Wir w\u00fcnschen den beiden viel Erfolg bei ihrer Arbeit!\u00a0<a href=\"http:\/\/wir-von-der-kennedy.de\/wirvonderkennedyfinal\/schueler\/schuelervertretung\">Zur SV!<\/a><\/p>\r\n<p>&nbsp;<\/p>\r\n","protected":false},"excerpt":{"rendered":"<p>Auf der SV-Versammlung am 11. September 2019 wurde die Sch\u00fclerin Verena Zeller (10aR) zur neuen Schulsprecherin und Malina D\u00f6rflinger (9bR) zu ihrer Stellvertreterin gew\u00e4hlt.\u00a0Wir w\u00fcnschen den beiden viel Erfolg bei ihrer Arbeit!\u00a0Zur SV! &nbsp;<\/p>\n","protected":false},"author":2,"featured_media":0,"comment_status":"closed","ping_status":"closed","sticky":false,"template":"","format":"standard","meta":{"_crdt_document":"","footnotes":""},"categories":[1],"tags":[],"class_list":["post-10411","post","type-post","status-publish","format-standard","hentry","category-allgemein"],"_links":{"self":[{"href":"https:\/\/wir-von-der-kennedy.de\/wirvonderkennedyfinal\/wp-json\/wp\/v2\/posts\/10411","targetHints":{"allow":["GET"]}}],"collection":[{"href":"https:\/\/wir-von-der-kennedy.de\/wirvonderkennedyfinal\/wp-json\/wp\/v2\/posts"}],"about":[{"href":"https:\/\/wir-von-der-kennedy.de\/wirvonderkennedyfinal\/wp-json\/wp\/v2\/types\/post"}],"author":[{"embeddable":true,"href":"https:\/\/wir-von-der-kennedy.de\/wirvonderkennedyfinal\/wp-json\/wp\/v2\/users\/2"}],"replies":[{"embeddable":true,"href":"https:\/\/wir-von-der-kennedy.de\/wirvonderkennedyfinal\/wp-json\/wp\/v2\/comments?post=10411"}],"version-history":[{"count":5,"href":"https:\/\/wir-von-der-kennedy.de\/wirvonderkennedyfinal\/wp-json\/wp\/v2\/posts\/10411\/revisions"}],"predecessor-version":[{"id":10416,"href":"https:\/\/wir-von-der-kennedy.de\/wirvonderkennedyfinal\/wp-json\/wp\/v2\/posts\/10411\/revisions\/10416"}],"wp:attachment":[{"href":"https:\/\/wir-von-der-kennedy.de\/wirvonderkennedyfinal\/wp-json\/wp\/v2\/media?parent=10411"}],"wp:term":[{"taxonomy":"category","embeddable":true,"href":"https:\/\/wir-von-der-kennedy.de\/wirvonderkennedyfinal\/wp-json\/wp\/v2\/categories?post=10411"},{"taxonomy":"post_tag","embeddable":true,"href":"https:\/\/wir-von-der-kennedy.de\/wirvonderkennedyfinal\/wp-json\/wp\/v2\/tags?post=10411"}],"curies":[{"name":"wp","href":"https:\/\/api.w.org\/{rel}","templated":true}]}}