{"id":10530,"date":"2020-04-15T23:50:28","date_gmt":"2020-04-15T21:50:28","guid":{"rendered":"http:\/\/wir-von-der-kennedy.de\/wirvonderkennedyfinal\/?p=10530"},"modified":"2020-04-16T23:50:52","modified_gmt":"2020-04-16T21:50:52","slug":"kabarettist-florian-schroeder-im-interview-mit-radio-jfk","status":"publish","type":"post","link":"https:\/\/wir-von-der-kennedy.de\/wirvonderkennedyfinal\/kabarettist-florian-schroeder-im-interview-mit-radio-jfk\/","title":{"rendered":"Kabarettist Florian Schroeder im Interview mit Radio JFK!"},"content":{"rendered":"<p>Am Abend des 30. Oktober 2019 &#8211; also lange vor der Corona-Krise &#8211; wurden im gro\u00dfen Sendesaal des hr in Frankfurt am Main zwei Folgen der &#8222;Florian Schroeder Satire Show&#8220; aufgezeichnet, doch zuvor fand der 40-j\u00e4hrige Kabarettist Zeit f\u00fcr ein Interview mit Radio JFK. Im Backstage-Bereich stellte er sich den Fragen der beiden Sch\u00fclerinnen Lena (9c) und Paula (10a). Die wollten unter anderem wissen, wie es dazu kam, dass Florian Schroeder so gut und gerne andere Menschen parodiert. Und so erz\u00e4hlte er, dass er zuerst den Sportlehrer seiner Schule parodierte, damit die Mitsch\u00fcler nicht \u00fcber Florians mangelnde sportliche Leistungen lachten, sondern vielmehr \u00fcber sein kom\u00f6diantisches Talent. Das vollst\u00e4ndige Interview nebst &#8222;Promi-Stimmen-Quiz&#8220; ist jetzt auf <a href=\"https:\/\/www.youtube.com\/watch?v=UbtCxYXfjeY\">YouTube<\/a> zu sehen!<\/p>\r\n\r\n<figure class=\"wp-block-image\"><a href=\"http:\/\/wir-von-der-kennedy.de\/wirvonderkennedyfinal\/wp-content\/uploads\/2019\/10\/117-30.10.2019.jpg\"><img loading=\"lazy\" decoding=\"async\" width=\"1024\" height=\"683\" class=\"wp-image-10528\" src=\"http:\/\/wir-von-der-kennedy.de\/wirvonderkennedyfinal\/wp-content\/uploads\/2019\/10\/117-30.10.2019-1024x683.jpg\" alt=\"\" srcset=\"https:\/\/wir-von-der-kennedy.de\/wirvonderkennedyfinal\/wp-content\/uploads\/2019\/10\/117-30.10.2019-1024x683.jpg 1024w, https:\/\/wir-von-der-kennedy.de\/wirvonderkennedyfinal\/wp-content\/uploads\/2019\/10\/117-30.10.2019-300x200.jpg 300w, https:\/\/wir-von-der-kennedy.de\/wirvonderkennedyfinal\/wp-content\/uploads\/2019\/10\/117-30.10.2019-768x512.jpg 768w\" sizes=\"auto, (max-width: 1024px) 100vw, 1024px\" \/><\/a>\r\n<figcaption>Kabarettist Florian Schroeder, Paula, Lena und Ren\u00e9 Di Rienzo, Leiter des Radio JFK<\/figcaption>\r\n<\/figure>\r\n","protected":false},"excerpt":{"rendered":"<p>Am Abend des 30. Oktober 2019 &#8211; also lange vor der Corona-Krise &#8211; wurden im gro\u00dfen Sendesaal des hr in Frankfurt am Main zwei Folgen der &#8222;Florian Schroeder Satire Show&#8220; aufgezeichnet, doch zuvor fand der 40-j\u00e4hrige Kabarettist Zeit f\u00fcr ein Interview mit Radio JFK. Im Backstage-Bereich stellte er sich den Fragen der beiden Sch\u00fclerinnen Lena&#8230; <\/p>\n<div class=\"clear\"><\/div>\n<p><a href=\"https:\/\/wir-von-der-kennedy.de\/wirvonderkennedyfinal\/kabarettist-florian-schroeder-im-interview-mit-radio-jfk\/\" class=\"gdlr-info-font excerpt-read-more\">Read More<\/a><\/p>\n","protected":false},"author":2,"featured_media":0,"comment_status":"closed","ping_status":"closed","sticky":false,"template":"","format":"standard","meta":{"_crdt_document":"","footnotes":""},"categories":[1],"tags":[],"class_list":["post-10530","post","type-post","status-publish","format-standard","hentry","category-allgemein"],"_links":{"self":[{"href":"https:\/\/wir-von-der-kennedy.de\/wirvonderkennedyfinal\/wp-json\/wp\/v2\/posts\/10530","targetHints":{"allow":["GET"]}}],"collection":[{"href":"https:\/\/wir-von-der-kennedy.de\/wirvonderkennedyfinal\/wp-json\/wp\/v2\/posts"}],"about":[{"href":"https:\/\/wir-von-der-kennedy.de\/wirvonderkennedyfinal\/wp-json\/wp\/v2\/types\/post"}],"author":[{"embeddable":true,"href":"https:\/\/wir-von-der-kennedy.de\/wirvonderkennedyfinal\/wp-json\/wp\/v2\/users\/2"}],"replies":[{"embeddable":true,"href":"https:\/\/wir-von-der-kennedy.de\/wirvonderkennedyfinal\/wp-json\/wp\/v2\/comments?post=10530"}],"version-history":[{"count":11,"href":"https:\/\/wir-von-der-kennedy.de\/wirvonderkennedyfinal\/wp-json\/wp\/v2\/posts\/10530\/revisions"}],"predecessor-version":[{"id":11235,"href":"https:\/\/wir-von-der-kennedy.de\/wirvonderkennedyfinal\/wp-json\/wp\/v2\/posts\/10530\/revisions\/11235"}],"wp:attachment":[{"href":"https:\/\/wir-von-der-kennedy.de\/wirvonderkennedyfinal\/wp-json\/wp\/v2\/media?parent=10530"}],"wp:term":[{"taxonomy":"category","embeddable":true,"href":"https:\/\/wir-von-der-kennedy.de\/wirvonderkennedyfinal\/wp-json\/wp\/v2\/categories?post=10530"},{"taxonomy":"post_tag","embeddable":true,"href":"https:\/\/wir-von-der-kennedy.de\/wirvonderkennedyfinal\/wp-json\/wp\/v2\/tags?post=10530"}],"curies":[{"name":"wp","href":"https:\/\/api.w.org\/{rel}","templated":true}]}}