{"id":10571,"date":"2019-11-14T23:05:35","date_gmt":"2019-11-14T22:05:35","guid":{"rendered":"http:\/\/wir-von-der-kennedy.de\/wirvonderkennedyfinal\/?p=10571"},"modified":"2019-11-18T15:04:27","modified_gmt":"2019-11-18T14:04:27","slug":"franzosen-gruessen-aus-strasbourg","status":"publish","type":"post","link":"https:\/\/wir-von-der-kennedy.de\/wirvonderkennedyfinal\/franzosen-gruessen-aus-strasbourg\/","title":{"rendered":"Franzosen gr\u00fc\u00dfen aus Strasbourg!"},"content":{"rendered":"\r\n<p class=\"wp-block-paragraph\">An einem k\u00fchlen 13. November besuchten Sch\u00fclerinnen und Sch\u00fcler des 7. bis 10. Schuljahrs mit den Lehrerinnen Uta Brauer, Astrid Logisch und Ute Gre\u00df das wundersch\u00f6ne Strasbourg im Elsass. Von dort aus erreichten die JFK liebe (Foto-)Gr\u00fc\u00dfe! \ud83d\ude42<br \/><a href=\"http:\/\/wir-von-der-kennedy.de\/wirvonderkennedyfinal\/schuljahr-2019-2020-1-halbjahr\/\">Mehr zum Ausflug in der Sch\u00fclerzeitung!<\/a><\/p>\r\n\r\n\r\n\r\n<figure class=\"wp-block-embed-wordpress wp-block-embed is-type-wp-embed is-provider-john-f-kennedy-schule-bad-vilbel\">\r\n<div class=\"wp-block-embed__wrapper\">\u00a0<\/div>\r\n<\/figure>\r\n\r\n\r\n\r\n<ul class=\"wp-block-gallery columns-2 is-cropped wp-block-gallery-1 is-layout-flex wp-block-gallery-is-layout-flex\">\r\n<li class=\"blocks-gallery-item\">\r\n<figure><a href=\"http:\/\/wir-von-der-kennedy.de\/wirvonderkennedyfinal\/wp-content\/uploads\/2019\/11\/Strasbourg-1-768x1024.jpg\"><img loading=\"lazy\" decoding=\"async\" width=\"768\" height=\"1024\" class=\"wp-image-10572\" src=\"http:\/\/wir-von-der-kennedy.de\/wirvonderkennedyfinal\/wp-content\/uploads\/2019\/11\/Strasbourg-1-768x1024.jpg\" alt=\"\" data-id=\"10572\" data-link=\"http:\/\/wir-von-der-kennedy.de\/wirvonderkennedyfinal\/?attachment_id=10572\" srcset=\"https:\/\/wir-von-der-kennedy.de\/wirvonderkennedyfinal\/wp-content\/uploads\/2019\/11\/Strasbourg-1-768x1024.jpg 768w, https:\/\/wir-von-der-kennedy.de\/wirvonderkennedyfinal\/wp-content\/uploads\/2019\/11\/Strasbourg-1-225x300.jpg 225w, https:\/\/wir-von-der-kennedy.de\/wirvonderkennedyfinal\/wp-content\/uploads\/2019\/11\/Strasbourg-1.jpg 1080w\" sizes=\"auto, (max-width: 768px) 100vw, 768px\" \/><\/a><\/figure>\r\n<\/li>\r\n<li class=\"blocks-gallery-item\">\r\n<figure><a href=\"http:\/\/wir-von-der-kennedy.de\/wirvonderkennedyfinal\/wp-content\/uploads\/2019\/11\/Strasbourg-2-1024x768.jpg\"><img loading=\"lazy\" decoding=\"async\" width=\"1024\" height=\"768\" class=\"wp-image-10573\" src=\"http:\/\/wir-von-der-kennedy.de\/wirvonderkennedyfinal\/wp-content\/uploads\/2019\/11\/Strasbourg-2-1024x768.jpg\" alt=\"\" data-id=\"10573\" data-link=\"http:\/\/wir-von-der-kennedy.de\/wirvonderkennedyfinal\/?attachment_id=10573\" srcset=\"https:\/\/wir-von-der-kennedy.de\/wirvonderkennedyfinal\/wp-content\/uploads\/2019\/11\/Strasbourg-2-1024x768.jpg 1024w, https:\/\/wir-von-der-kennedy.de\/wirvonderkennedyfinal\/wp-content\/uploads\/2019\/11\/Strasbourg-2-300x225.jpg 300w, https:\/\/wir-von-der-kennedy.de\/wirvonderkennedyfinal\/wp-content\/uploads\/2019\/11\/Strasbourg-2-768x576.jpg 768w, https:\/\/wir-von-der-kennedy.de\/wirvonderkennedyfinal\/wp-content\/uploads\/2019\/11\/Strasbourg-2-400x300.jpg 400w, https:\/\/wir-von-der-kennedy.de\/wirvonderkennedyfinal\/wp-content\/uploads\/2019\/11\/Strasbourg-2.jpg 1080w\" sizes=\"auto, (max-width: 1024px) 100vw, 1024px\" \/><\/a><\/figure>\r\n<\/li>\r\n<\/ul>\r\n","protected":false},"excerpt":{"rendered":"<p>An einem k\u00fchlen 13. November besuchten Sch\u00fclerinnen und Sch\u00fcler des 7. bis 10. Schuljahrs mit den Lehrerinnen Uta Brauer, Astrid Logisch und Ute Gre\u00df das wundersch\u00f6ne Strasbourg im Elsass. Von dort aus erreichten die JFK liebe (Foto-)Gr\u00fc\u00dfe! \ud83d\ude42Mehr zum Ausflug in der Sch\u00fclerzeitung! \u00a0<\/p>\n","protected":false},"author":2,"featured_media":0,"comment_status":"closed","ping_status":"closed","sticky":false,"template":"","format":"standard","meta":{"_crdt_document":"","footnotes":""},"categories":[1],"tags":[],"class_list":["post-10571","post","type-post","status-publish","format-standard","hentry","category-allgemein"],"_links":{"self":[{"href":"https:\/\/wir-von-der-kennedy.de\/wirvonderkennedyfinal\/wp-json\/wp\/v2\/posts\/10571","targetHints":{"allow":["GET"]}}],"collection":[{"href":"https:\/\/wir-von-der-kennedy.de\/wirvonderkennedyfinal\/wp-json\/wp\/v2\/posts"}],"about":[{"href":"https:\/\/wir-von-der-kennedy.de\/wirvonderkennedyfinal\/wp-json\/wp\/v2\/types\/post"}],"author":[{"embeddable":true,"href":"https:\/\/wir-von-der-kennedy.de\/wirvonderkennedyfinal\/wp-json\/wp\/v2\/users\/2"}],"replies":[{"embeddable":true,"href":"https:\/\/wir-von-der-kennedy.de\/wirvonderkennedyfinal\/wp-json\/wp\/v2\/comments?post=10571"}],"version-history":[{"count":4,"href":"https:\/\/wir-von-der-kennedy.de\/wirvonderkennedyfinal\/wp-json\/wp\/v2\/posts\/10571\/revisions"}],"predecessor-version":[{"id":10597,"href":"https:\/\/wir-von-der-kennedy.de\/wirvonderkennedyfinal\/wp-json\/wp\/v2\/posts\/10571\/revisions\/10597"}],"wp:attachment":[{"href":"https:\/\/wir-von-der-kennedy.de\/wirvonderkennedyfinal\/wp-json\/wp\/v2\/media?parent=10571"}],"wp:term":[{"taxonomy":"category","embeddable":true,"href":"https:\/\/wir-von-der-kennedy.de\/wirvonderkennedyfinal\/wp-json\/wp\/v2\/categories?post=10571"},{"taxonomy":"post_tag","embeddable":true,"href":"https:\/\/wir-von-der-kennedy.de\/wirvonderkennedyfinal\/wp-json\/wp\/v2\/tags?post=10571"}],"curies":[{"name":"wp","href":"https:\/\/api.w.org\/{rel}","templated":true}]}}