{"id":10599,"date":"2019-11-25T07:00:48","date_gmt":"2019-11-25T06:00:48","guid":{"rendered":"http:\/\/wir-von-der-kennedy.de\/wirvonderkennedyfinal\/?p=10599"},"modified":"2019-11-25T13:48:51","modified_gmt":"2019-11-25T12:48:51","slug":"zurueck-in-der-jfk","status":"publish","type":"post","link":"https:\/\/wir-von-der-kennedy.de\/wirvonderkennedyfinal\/zurueck-in-der-jfk\/","title":{"rendered":"Zur\u00fcck in der JFK"},"content":{"rendered":"\n<p class=\"wp-block-paragraph\">Nachdem einige Klassen der John-F.-Kennedy-Schule wegen des Baul\u00e4rms f\u00fcr eine Woche ausquartiert worden waren, k\u00f6nnen sie ab dem heutigen Montag wieder in ihre Klassenr\u00e4ume zur\u00fcckkehren. Die Bauleitung hat zugesichert, dass es auf der Baustelle direkt hinter dem Altbau w\u00e4hrend der Unterrichtszeiten einigerma\u00dfen ruhig bleiben soll. L\u00e4rm und Ersch\u00fctterungen des Altbaus waren der Grund, weshalb die F\u00f6rderstufe in R\u00e4ume des GBG, die H7 und H8 in die Brunnenschule und die 9a und 9b in die Container auf dem Schulhof ausgewichen waren.    <\/p>\n\n\n\n<figure class=\"wp-block-image\"><a href=\"http:\/\/wir-von-der-kennedy.de\/wirvonderkennedyfinal\/wp-content\/uploads\/2019\/11\/Baustelle.jpg\"><img loading=\"lazy\" decoding=\"async\" width=\"1024\" height=\"576\" src=\"http:\/\/wir-von-der-kennedy.de\/wirvonderkennedyfinal\/wp-content\/uploads\/2019\/11\/Baustelle-1024x576.jpg\" alt=\"\" class=\"wp-image-10600\" srcset=\"https:\/\/wir-von-der-kennedy.de\/wirvonderkennedyfinal\/wp-content\/uploads\/2019\/11\/Baustelle-1024x576.jpg 1024w, https:\/\/wir-von-der-kennedy.de\/wirvonderkennedyfinal\/wp-content\/uploads\/2019\/11\/Baustelle-300x169.jpg 300w, https:\/\/wir-von-der-kennedy.de\/wirvonderkennedyfinal\/wp-content\/uploads\/2019\/11\/Baustelle-768x432.jpg 768w, https:\/\/wir-von-der-kennedy.de\/wirvonderkennedyfinal\/wp-content\/uploads\/2019\/11\/Baustelle.jpg 1080w\" sizes=\"auto, (max-width: 1024px) 100vw, 1024px\" \/><\/a><figcaption>Direkt hinter der Schule wird eine Stra\u00dfe gebaut&#8230;<\/figcaption><\/figure>\n","protected":false},"excerpt":{"rendered":"<p>Nachdem einige Klassen der John-F.-Kennedy-Schule wegen des Baul\u00e4rms f\u00fcr eine Woche ausquartiert worden waren, k\u00f6nnen sie ab dem heutigen Montag wieder in ihre Klassenr\u00e4ume zur\u00fcckkehren. Die Bauleitung hat zugesichert, dass es auf der Baustelle direkt hinter dem Altbau w\u00e4hrend der Unterrichtszeiten einigerma\u00dfen ruhig bleiben soll. L\u00e4rm und Ersch\u00fctterungen des Altbaus waren der Grund, weshalb die&#8230; <\/p>\n<div class=\"clear\"><\/div>\n<p><a href=\"https:\/\/wir-von-der-kennedy.de\/wirvonderkennedyfinal\/zurueck-in-der-jfk\/\" class=\"gdlr-info-font excerpt-read-more\">Read More<\/a><\/p>\n","protected":false},"author":2,"featured_media":0,"comment_status":"closed","ping_status":"closed","sticky":false,"template":"","format":"standard","meta":{"_crdt_document":"","footnotes":""},"categories":[1],"tags":[],"class_list":["post-10599","post","type-post","status-publish","format-standard","hentry","category-allgemein"],"_links":{"self":[{"href":"https:\/\/wir-von-der-kennedy.de\/wirvonderkennedyfinal\/wp-json\/wp\/v2\/posts\/10599","targetHints":{"allow":["GET"]}}],"collection":[{"href":"https:\/\/wir-von-der-kennedy.de\/wirvonderkennedyfinal\/wp-json\/wp\/v2\/posts"}],"about":[{"href":"https:\/\/wir-von-der-kennedy.de\/wirvonderkennedyfinal\/wp-json\/wp\/v2\/types\/post"}],"author":[{"embeddable":true,"href":"https:\/\/wir-von-der-kennedy.de\/wirvonderkennedyfinal\/wp-json\/wp\/v2\/users\/2"}],"replies":[{"embeddable":true,"href":"https:\/\/wir-von-der-kennedy.de\/wirvonderkennedyfinal\/wp-json\/wp\/v2\/comments?post=10599"}],"version-history":[{"count":3,"href":"https:\/\/wir-von-der-kennedy.de\/wirvonderkennedyfinal\/wp-json\/wp\/v2\/posts\/10599\/revisions"}],"predecessor-version":[{"id":10603,"href":"https:\/\/wir-von-der-kennedy.de\/wirvonderkennedyfinal\/wp-json\/wp\/v2\/posts\/10599\/revisions\/10603"}],"wp:attachment":[{"href":"https:\/\/wir-von-der-kennedy.de\/wirvonderkennedyfinal\/wp-json\/wp\/v2\/media?parent=10599"}],"wp:term":[{"taxonomy":"category","embeddable":true,"href":"https:\/\/wir-von-der-kennedy.de\/wirvonderkennedyfinal\/wp-json\/wp\/v2\/categories?post=10599"},{"taxonomy":"post_tag","embeddable":true,"href":"https:\/\/wir-von-der-kennedy.de\/wirvonderkennedyfinal\/wp-json\/wp\/v2\/tags?post=10599"}],"curies":[{"name":"wp","href":"https:\/\/api.w.org\/{rel}","templated":true}]}}