{"id":10608,"date":"2019-11-29T09:33:30","date_gmt":"2019-11-29T08:33:30","guid":{"rendered":"http:\/\/wir-von-der-kennedy.de\/wirvonderkennedyfinal\/?p=10608"},"modified":"2019-11-29T09:35:41","modified_gmt":"2019-11-29T08:35:41","slug":"der-weihnachtsmarkt-kann-kommen","status":"publish","type":"post","link":"https:\/\/wir-von-der-kennedy.de\/wirvonderkennedyfinal\/der-weihnachtsmarkt-kann-kommen\/","title":{"rendered":"Der Weihnachtsmarkt kann kommen!"},"content":{"rendered":"\n<p class=\"wp-block-paragraph\">Am 3. Advents-Wochenende betreiben wir dieses Jahr zum 2. Mal unseren JFK-Stand auf dem Bad Vilbeler Weihnachtsmarkt. Neu: Die JFK-Gl\u00fchweintasse (streng limitiert auf 300 St\u00fcck)! Wer sie haben m\u00f6chte, kein Problem! Holt euch euren Pfand nicht wieder ab und schon geh\u00f6rt sie euch. Nat\u00fcrlich gibt es Gl\u00fchwein, Kinderpunsch, Gebackenes und vieles mehr. Unser Stand ist rund um die Uhr besetzt.  <\/p>\n\n\n\n<p class=\"wp-block-paragraph\">\u00dcbrigens: Am Sonntag, den 15.12. treten wir im Burgkeller auf. Zu sehen gibt es die Zauber-AG und zu h\u00f6ren unser Mini-H\u00f6rbuch vom Heiligen Nikolaus als Lesung. Eintritt frei, Beginn: 14:30 und 15:30 Uhr. Wir freuen uns auf euch! <\/p>\n\n\n\n<ul class=\"wp-block-gallery columns-2 is-cropped wp-block-gallery-1 is-layout-flex wp-block-gallery-is-layout-flex\"><li class=\"blocks-gallery-item\"><figure><a href=\"http:\/\/wir-von-der-kennedy.de\/wirvonderkennedyfinal\/wp-content\/uploads\/2019\/11\/X-mas-Tassen-1-Neu-1024x768.jpg\"><img loading=\"lazy\" decoding=\"async\" width=\"1024\" height=\"768\" src=\"http:\/\/wir-von-der-kennedy.de\/wirvonderkennedyfinal\/wp-content\/uploads\/2019\/11\/X-mas-Tassen-1-Neu-1024x768.jpg\" alt=\"\" data-id=\"10612\" data-link=\"http:\/\/wir-von-der-kennedy.de\/wirvonderkennedyfinal\/?attachment_id=10612\" class=\"wp-image-10612\" srcset=\"https:\/\/wir-von-der-kennedy.de\/wirvonderkennedyfinal\/wp-content\/uploads\/2019\/11\/X-mas-Tassen-1-Neu-1024x768.jpg 1024w, https:\/\/wir-von-der-kennedy.de\/wirvonderkennedyfinal\/wp-content\/uploads\/2019\/11\/X-mas-Tassen-1-Neu-300x225.jpg 300w, https:\/\/wir-von-der-kennedy.de\/wirvonderkennedyfinal\/wp-content\/uploads\/2019\/11\/X-mas-Tassen-1-Neu-768x576.jpg 768w, https:\/\/wir-von-der-kennedy.de\/wirvonderkennedyfinal\/wp-content\/uploads\/2019\/11\/X-mas-Tassen-1-Neu-400x300.jpg 400w\" sizes=\"auto, (max-width: 1024px) 100vw, 1024px\" \/><\/a><\/figure><\/li><li class=\"blocks-gallery-item\"><figure><a href=\"http:\/\/wir-von-der-kennedy.de\/wirvonderkennedyfinal\/wp-content\/uploads\/2019\/11\/X-mas-Tassen-2-Neu-1024x768.jpg\"><img loading=\"lazy\" decoding=\"async\" width=\"1024\" height=\"768\" src=\"http:\/\/wir-von-der-kennedy.de\/wirvonderkennedyfinal\/wp-content\/uploads\/2019\/11\/X-mas-Tassen-2-Neu-1024x768.jpg\" alt=\"\" data-id=\"10613\" data-link=\"http:\/\/wir-von-der-kennedy.de\/wirvonderkennedyfinal\/?attachment_id=10613\" class=\"wp-image-10613\" srcset=\"https:\/\/wir-von-der-kennedy.de\/wirvonderkennedyfinal\/wp-content\/uploads\/2019\/11\/X-mas-Tassen-2-Neu-1024x768.jpg 1024w, https:\/\/wir-von-der-kennedy.de\/wirvonderkennedyfinal\/wp-content\/uploads\/2019\/11\/X-mas-Tassen-2-Neu-300x225.jpg 300w, https:\/\/wir-von-der-kennedy.de\/wirvonderkennedyfinal\/wp-content\/uploads\/2019\/11\/X-mas-Tassen-2-Neu-768x576.jpg 768w, https:\/\/wir-von-der-kennedy.de\/wirvonderkennedyfinal\/wp-content\/uploads\/2019\/11\/X-mas-Tassen-2-Neu-400x300.jpg 400w\" sizes=\"auto, (max-width: 1024px) 100vw, 1024px\" \/><\/a><\/figure><\/li><\/ul>\n\n\n\n<p class=\"wp-block-paragraph\"><em>Mr. Di<\/em><\/p>\n","protected":false},"excerpt":{"rendered":"<p>Am 3. Advents-Wochenende betreiben wir dieses Jahr zum 2. Mal unseren JFK-Stand auf dem Bad Vilbeler Weihnachtsmarkt. Neu: Die JFK-Gl\u00fchweintasse (streng limitiert auf 300 St\u00fcck)! Wer sie haben m\u00f6chte, kein Problem! Holt euch euren Pfand nicht wieder ab und schon geh\u00f6rt sie euch. Nat\u00fcrlich gibt es Gl\u00fchwein, Kinderpunsch, Gebackenes und vieles mehr. Unser Stand ist&#8230; <\/p>\n<div class=\"clear\"><\/div>\n<p><a href=\"https:\/\/wir-von-der-kennedy.de\/wirvonderkennedyfinal\/der-weihnachtsmarkt-kann-kommen\/\" class=\"gdlr-info-font excerpt-read-more\">Read More<\/a><\/p>\n","protected":false},"author":2,"featured_media":0,"comment_status":"closed","ping_status":"closed","sticky":false,"template":"","format":"standard","meta":{"_crdt_document":"","footnotes":""},"categories":[1],"tags":[],"class_list":["post-10608","post","type-post","status-publish","format-standard","hentry","category-allgemein"],"_links":{"self":[{"href":"https:\/\/wir-von-der-kennedy.de\/wirvonderkennedyfinal\/wp-json\/wp\/v2\/posts\/10608","targetHints":{"allow":["GET"]}}],"collection":[{"href":"https:\/\/wir-von-der-kennedy.de\/wirvonderkennedyfinal\/wp-json\/wp\/v2\/posts"}],"about":[{"href":"https:\/\/wir-von-der-kennedy.de\/wirvonderkennedyfinal\/wp-json\/wp\/v2\/types\/post"}],"author":[{"embeddable":true,"href":"https:\/\/wir-von-der-kennedy.de\/wirvonderkennedyfinal\/wp-json\/wp\/v2\/users\/2"}],"replies":[{"embeddable":true,"href":"https:\/\/wir-von-der-kennedy.de\/wirvonderkennedyfinal\/wp-json\/wp\/v2\/comments?post=10608"}],"version-history":[{"count":5,"href":"https:\/\/wir-von-der-kennedy.de\/wirvonderkennedyfinal\/wp-json\/wp\/v2\/posts\/10608\/revisions"}],"predecessor-version":[{"id":10617,"href":"https:\/\/wir-von-der-kennedy.de\/wirvonderkennedyfinal\/wp-json\/wp\/v2\/posts\/10608\/revisions\/10617"}],"wp:attachment":[{"href":"https:\/\/wir-von-der-kennedy.de\/wirvonderkennedyfinal\/wp-json\/wp\/v2\/media?parent=10608"}],"wp:term":[{"taxonomy":"category","embeddable":true,"href":"https:\/\/wir-von-der-kennedy.de\/wirvonderkennedyfinal\/wp-json\/wp\/v2\/categories?post=10608"},{"taxonomy":"post_tag","embeddable":true,"href":"https:\/\/wir-von-der-kennedy.de\/wirvonderkennedyfinal\/wp-json\/wp\/v2\/tags?post=10608"}],"curies":[{"name":"wp","href":"https:\/\/api.w.org\/{rel}","templated":true}]}}