{"id":10698,"date":"2019-12-10T14:43:59","date_gmt":"2019-12-10T13:43:59","guid":{"rendered":"http:\/\/wir-von-der-kennedy.de\/wirvonderkennedyfinal\/?p=10698"},"modified":"2019-12-10T14:45:10","modified_gmt":"2019-12-10T13:45:10","slug":"infos-zur-geaenderten-verkehrsfuehrung-und-parksituation-an-der-jfk","status":"publish","type":"post","link":"https:\/\/wir-von-der-kennedy.de\/wirvonderkennedyfinal\/infos-zur-geaenderten-verkehrsfuehrung-und-parksituation-an-der-jfk\/","title":{"rendered":"Infos zur ge\u00e4nderten Verkehrsf\u00fchrung und Parksituation an der JFK!"},"content":{"rendered":"<p>Zur Erinnerung: Bitte bringen Sie Ihre Kinder nur in <strong>Ausnahmef\u00e4llen<\/strong> mit dem Auto zur Schule<strong>. <\/strong>Immer wieder<br \/>\nwerden<strong> Kinder<\/strong>, die zu Fu\u00df oder auf dem Rad unterwegs sind,<strong> durch <\/strong>die abfahrenden<strong> Autos der Eltern <\/strong>unn\u00f6tig<strong> in Gefahr <\/strong>gebracht<strong>.<\/strong> Nutzen Sie in diesen Ausnahmef\u00e4llen <strong>unbedingt<\/strong> die <strong>Parkpl\u00e4tze an der Sporthalle oder am Freizeitzentrum<\/strong>. Die Parkpl\u00e4tze direkt vor der Schule sind ausschlie\u00dflich den Mitarbeitern der Schule vorbehalten. Das <strong>Befahren des Schulhofes inkl. der Auffahrt zur Mensa ist aus Sicherheitsgr\u00fcnden untersagt<\/strong>.<\/p>\n<p>Ab dem <strong>13. Februar 2020<\/strong> (Beginn der Schule nach den Weihnachtsferien) gibt es eine <strong>ge\u00e4nderte Verkehrsf\u00fchrung<\/strong> rund um die JFK, das GBG und die Saalburgschule. Genaueres entnehmen Sie bitte dem Infoblatt.<\/p>\n<p><a href=\"http:\/\/wir-von-der-kennedy.de\/wirvonderkennedyfinal\/wp-content\/uploads\/2019\/12\/Informationen-ge\u00e4nderte-Verkehrsf\u00fchrung.pdf\">Hier klicken: Infoblatt zur ge\u00e4nderten Verkehrsf\u00fchrung<\/a><\/p>\n","protected":false},"excerpt":{"rendered":"<p>Zur Erinnerung: Bitte bringen Sie Ihre Kinder nur in Ausnahmef\u00e4llen mit dem Auto zur Schule. Immer wieder werden Kinder, die zu Fu\u00df oder auf dem Rad unterwegs sind, durch die abfahrenden Autos der Eltern unn\u00f6tig in Gefahr gebracht. Nutzen Sie in diesen Ausnahmef\u00e4llen unbedingt die Parkpl\u00e4tze an der Sporthalle oder am Freizeitzentrum. Die Parkpl\u00e4tze direkt&#8230; <\/p>\n<div class=\"clear\"><\/div>\n<p><a href=\"https:\/\/wir-von-der-kennedy.de\/wirvonderkennedyfinal\/infos-zur-geaenderten-verkehrsfuehrung-und-parksituation-an-der-jfk\/\" class=\"gdlr-info-font excerpt-read-more\">Read More<\/a><\/p>\n","protected":false},"author":2,"featured_media":0,"comment_status":"closed","ping_status":"closed","sticky":false,"template":"","format":"standard","meta":{"_crdt_document":"","footnotes":""},"categories":[1],"tags":[],"class_list":["post-10698","post","type-post","status-publish","format-standard","hentry","category-allgemein"],"_links":{"self":[{"href":"https:\/\/wir-von-der-kennedy.de\/wirvonderkennedyfinal\/wp-json\/wp\/v2\/posts\/10698","targetHints":{"allow":["GET"]}}],"collection":[{"href":"https:\/\/wir-von-der-kennedy.de\/wirvonderkennedyfinal\/wp-json\/wp\/v2\/posts"}],"about":[{"href":"https:\/\/wir-von-der-kennedy.de\/wirvonderkennedyfinal\/wp-json\/wp\/v2\/types\/post"}],"author":[{"embeddable":true,"href":"https:\/\/wir-von-der-kennedy.de\/wirvonderkennedyfinal\/wp-json\/wp\/v2\/users\/2"}],"replies":[{"embeddable":true,"href":"https:\/\/wir-von-der-kennedy.de\/wirvonderkennedyfinal\/wp-json\/wp\/v2\/comments?post=10698"}],"version-history":[{"count":2,"href":"https:\/\/wir-von-der-kennedy.de\/wirvonderkennedyfinal\/wp-json\/wp\/v2\/posts\/10698\/revisions"}],"predecessor-version":[{"id":10700,"href":"https:\/\/wir-von-der-kennedy.de\/wirvonderkennedyfinal\/wp-json\/wp\/v2\/posts\/10698\/revisions\/10700"}],"wp:attachment":[{"href":"https:\/\/wir-von-der-kennedy.de\/wirvonderkennedyfinal\/wp-json\/wp\/v2\/media?parent=10698"}],"wp:term":[{"taxonomy":"category","embeddable":true,"href":"https:\/\/wir-von-der-kennedy.de\/wirvonderkennedyfinal\/wp-json\/wp\/v2\/categories?post=10698"},{"taxonomy":"post_tag","embeddable":true,"href":"https:\/\/wir-von-der-kennedy.de\/wirvonderkennedyfinal\/wp-json\/wp\/v2\/tags?post=10698"}],"curies":[{"name":"wp","href":"https:\/\/api.w.org\/{rel}","templated":true}]}}