{"id":10883,"date":"2020-02-10T17:39:09","date_gmt":"2020-02-10T16:39:09","guid":{"rendered":"http:\/\/wir-von-der-kennedy.de\/wirvonderkennedyfinal\/?p=10883"},"modified":"2020-02-10T17:39:35","modified_gmt":"2020-02-10T16:39:35","slug":"tag-der-offenen-tuer-2020-fuer-jung-und-alt","status":"publish","type":"post","link":"https:\/\/wir-von-der-kennedy.de\/wirvonderkennedyfinal\/tag-der-offenen-tuer-2020-fuer-jung-und-alt\/","title":{"rendered":"Der Tag der offenen T\u00fcr 2020 f\u00fcr Jung und Alt!"},"content":{"rendered":"\n<p class=\"wp-block-paragraph\">Auch in diesem Fr\u00fchjahr besuchten &#8211; trotz der schwierigen Verkehrslage rund um die John-F.-Kennedy-Schule &#8211; wieder zahlreiche Eltern mit ihren Kindern den Tag der offenen T\u00fcr, um sich selbst ein Bild zu machen, ob die Haupt- und Realschule mit F\u00f6rderstufe das Richtige f\u00fcr den eigenen Nachwuchs ist. Nach der Begr\u00fc\u00dfung durch Schulleiter Markus Maienschein hatten alle Besucher die Gelegenheit, die R\u00e4umlichkeiten der JFK anzuschauen, einen Einblick in das vielf\u00e4ltige Angebot zu gewinnen und mit den Lehrkr\u00e4ften ins Gespr\u00e4ch zu kommen.<\/p>\n\n\n\n<p class=\"wp-block-paragraph\"><p>Neu war in diesem Jahr die JFK Video Box. Hier konnten ehemalige Kennedy-Sch\u00fcler und -Sch\u00fclerinnen vor der Kamera erz\u00e4hlen, welchen Weg sie nach dem Schulabschluss eingeschlagen haben und woran sie sich noch gerne erinnern. Die j\u00fcngsten Teilnehmer hatten erst im letzten Jahr ihren Abschluss geschafft, der \u00e4lteste Teilnehmer geh\u00f6rte zum Abschlussjahrgang 1966!<\/p><a href=\"http:\/\/wir-von-der-kennedy.de\/wirvonderkennedyfinal\/fotos-vom-tag-der-offenen-tuer-am-08-02-2020\/\">Zur Bildergalerie vom Tag der offenen T\u00fcr 2020<\/a><\/p>\n","protected":false},"excerpt":{"rendered":"<p>Auch in diesem Fr\u00fchjahr besuchten &#8211; trotz der schwierigen Verkehrslage rund um die John-F.-Kennedy-Schule &#8211; wieder zahlreiche Eltern mit ihren Kindern den Tag der offenen T\u00fcr, um sich selbst ein Bild zu machen, ob die Haupt- und Realschule mit F\u00f6rderstufe das Richtige f\u00fcr den eigenen Nachwuchs ist. Nach der Begr\u00fc\u00dfung durch Schulleiter Markus Maienschein hatten&#8230; <\/p>\n<div class=\"clear\"><\/div>\n<p><a href=\"https:\/\/wir-von-der-kennedy.de\/wirvonderkennedyfinal\/tag-der-offenen-tuer-2020-fuer-jung-und-alt\/\" class=\"gdlr-info-font excerpt-read-more\">Read More<\/a><\/p>\n","protected":false},"author":2,"featured_media":0,"comment_status":"closed","ping_status":"closed","sticky":false,"template":"","format":"standard","meta":{"_crdt_document":"","footnotes":""},"categories":[1],"tags":[],"class_list":["post-10883","post","type-post","status-publish","format-standard","hentry","category-allgemein"],"_links":{"self":[{"href":"https:\/\/wir-von-der-kennedy.de\/wirvonderkennedyfinal\/wp-json\/wp\/v2\/posts\/10883","targetHints":{"allow":["GET"]}}],"collection":[{"href":"https:\/\/wir-von-der-kennedy.de\/wirvonderkennedyfinal\/wp-json\/wp\/v2\/posts"}],"about":[{"href":"https:\/\/wir-von-der-kennedy.de\/wirvonderkennedyfinal\/wp-json\/wp\/v2\/types\/post"}],"author":[{"embeddable":true,"href":"https:\/\/wir-von-der-kennedy.de\/wirvonderkennedyfinal\/wp-json\/wp\/v2\/users\/2"}],"replies":[{"embeddable":true,"href":"https:\/\/wir-von-der-kennedy.de\/wirvonderkennedyfinal\/wp-json\/wp\/v2\/comments?post=10883"}],"version-history":[{"count":4,"href":"https:\/\/wir-von-der-kennedy.de\/wirvonderkennedyfinal\/wp-json\/wp\/v2\/posts\/10883\/revisions"}],"predecessor-version":[{"id":10887,"href":"https:\/\/wir-von-der-kennedy.de\/wirvonderkennedyfinal\/wp-json\/wp\/v2\/posts\/10883\/revisions\/10887"}],"wp:attachment":[{"href":"https:\/\/wir-von-der-kennedy.de\/wirvonderkennedyfinal\/wp-json\/wp\/v2\/media?parent=10883"}],"wp:term":[{"taxonomy":"category","embeddable":true,"href":"https:\/\/wir-von-der-kennedy.de\/wirvonderkennedyfinal\/wp-json\/wp\/v2\/categories?post=10883"},{"taxonomy":"post_tag","embeddable":true,"href":"https:\/\/wir-von-der-kennedy.de\/wirvonderkennedyfinal\/wp-json\/wp\/v2\/tags?post=10883"}],"curies":[{"name":"wp","href":"https:\/\/api.w.org\/{rel}","templated":true}]}}