{"id":11186,"date":"2020-04-01T23:21:25","date_gmt":"2020-04-01T21:21:25","guid":{"rendered":"http:\/\/wir-von-der-kennedy.de\/wirvonderkennedyfinal\/?p=11186"},"modified":"2020-04-02T11:17:20","modified_gmt":"2020-04-02T09:17:20","slug":"offenes-ohr-ein-angebot-fuer-eltern-und-kinder-waehrend-der-corona-krise","status":"publish","type":"post","link":"https:\/\/wir-von-der-kennedy.de\/wirvonderkennedyfinal\/offenes-ohr-ein-angebot-fuer-eltern-und-kinder-waehrend-der-corona-krise\/","title":{"rendered":"&#8222;Offenes Ohr&#8220;: Ein Angebot f\u00fcr Eltern und Kinder w\u00e4hrend der Corona-Krise!"},"content":{"rendered":"<div>Durch die aktuelle Situation sind sowohl Sch\u00fclerinnen und Sch\u00fcler als auch Eltern herausgefordert.&nbsp;Dies und die minimierten Sozialkontakte k\u00f6nnen zu Reibereien und Spannungen innerhalb der Familien f\u00fchren. Deshalb stellt die Schulsozialarbeit ein telefonisches Beratungsangebot zur Verf\u00fcgung.&nbsp;Das Angebot gilt, bis die Schulen vollends wieder \u00f6ffnen, also auch in den Ferien!<\/div>\n<div><a href=\"http:\/\/wir-von-der-kennedy.de\/wirvonderkennedyfinal\/wp-content\/uploads\/2020\/04\/Beratungsangebot-w\u00e4hrend-Corona.pdf\">Beratungsangebot &#8222;Offenes Ohr&#8220;<\/a><\/div>\n<div>\n<div><em>Madeline Hahn<\/em><\/div>\n<div><em>(Sozialarbeit in Schule)<\/em><\/div>\n<div>&nbsp;<\/div>\n<\/div>\n\n\n<p class=\"wp-block-paragraph\">Zudem gibt es auch andere Stellen, an die man sich wenden kann. <br><a href=\"http:\/\/wir-von-der-kennedy.de\/wirvonderkennedyfinal\/wp-content\/uploads\/2020\/04\/UBSKM_Infoblatt_Hilfsangebote_Isolationssituationen.pdf\">Hilfsangebote f\u00fcr Kinder und Jugendliche<\/a><\/p>\n","protected":false},"excerpt":{"rendered":"<p>Durch die aktuelle Situation sind sowohl Sch\u00fclerinnen und Sch\u00fcler als auch Eltern herausgefordert.&nbsp;Dies und die minimierten Sozialkontakte k\u00f6nnen zu Reibereien und Spannungen innerhalb der Familien f\u00fchren. Deshalb stellt die Schulsozialarbeit ein telefonisches Beratungsangebot zur Verf\u00fcgung.&nbsp;Das Angebot gilt, bis die Schulen vollends wieder \u00f6ffnen, also auch in den Ferien! Beratungsangebot &#8222;Offenes Ohr&#8220; Madeline Hahn (Sozialarbeit in&#8230; <\/p>\n<div class=\"clear\"><\/div>\n<p><a href=\"https:\/\/wir-von-der-kennedy.de\/wirvonderkennedyfinal\/offenes-ohr-ein-angebot-fuer-eltern-und-kinder-waehrend-der-corona-krise\/\" class=\"gdlr-info-font excerpt-read-more\">Read More<\/a><\/p>\n","protected":false},"author":2,"featured_media":0,"comment_status":"closed","ping_status":"closed","sticky":false,"template":"","format":"standard","meta":{"_crdt_document":"","footnotes":""},"categories":[1],"tags":[],"class_list":["post-11186","post","type-post","status-publish","format-standard","hentry","category-allgemein"],"_links":{"self":[{"href":"https:\/\/wir-von-der-kennedy.de\/wirvonderkennedyfinal\/wp-json\/wp\/v2\/posts\/11186","targetHints":{"allow":["GET"]}}],"collection":[{"href":"https:\/\/wir-von-der-kennedy.de\/wirvonderkennedyfinal\/wp-json\/wp\/v2\/posts"}],"about":[{"href":"https:\/\/wir-von-der-kennedy.de\/wirvonderkennedyfinal\/wp-json\/wp\/v2\/types\/post"}],"author":[{"embeddable":true,"href":"https:\/\/wir-von-der-kennedy.de\/wirvonderkennedyfinal\/wp-json\/wp\/v2\/users\/2"}],"replies":[{"embeddable":true,"href":"https:\/\/wir-von-der-kennedy.de\/wirvonderkennedyfinal\/wp-json\/wp\/v2\/comments?post=11186"}],"version-history":[{"count":9,"href":"https:\/\/wir-von-der-kennedy.de\/wirvonderkennedyfinal\/wp-json\/wp\/v2\/posts\/11186\/revisions"}],"predecessor-version":[{"id":11216,"href":"https:\/\/wir-von-der-kennedy.de\/wirvonderkennedyfinal\/wp-json\/wp\/v2\/posts\/11186\/revisions\/11216"}],"wp:attachment":[{"href":"https:\/\/wir-von-der-kennedy.de\/wirvonderkennedyfinal\/wp-json\/wp\/v2\/media?parent=11186"}],"wp:term":[{"taxonomy":"category","embeddable":true,"href":"https:\/\/wir-von-der-kennedy.de\/wirvonderkennedyfinal\/wp-json\/wp\/v2\/categories?post=11186"},{"taxonomy":"post_tag","embeddable":true,"href":"https:\/\/wir-von-der-kennedy.de\/wirvonderkennedyfinal\/wp-json\/wp\/v2\/tags?post=11186"}],"curies":[{"name":"wp","href":"https:\/\/api.w.org\/{rel}","templated":true}]}}