{"id":11367,"date":"2020-06-07T11:57:51","date_gmt":"2020-06-07T09:57:51","guid":{"rendered":"http:\/\/wir-von-der-kennedy.de\/wirvonderkennedyfinal\/?p=11367"},"modified":"2020-06-07T12:15:39","modified_gmt":"2020-06-07T10:15:39","slug":"kenny-henni-und-die-hessenschau","status":"publish","type":"post","link":"https:\/\/wir-von-der-kennedy.de\/wirvonderkennedyfinal\/kenny-henni-und-die-hessenschau\/","title":{"rendered":"Kenni, Henni und die Hessenschau!"},"content":{"rendered":"\n<p class=\"wp-block-paragraph\">In der Hessenschau des hr-Fernsehens vom 5. Juni 2020 wurde unter anderem das Lied &#8222;123 &amp; ABC&#8220;, das JFK-Musiklehrer Ren\u00e9 Di Rienzo f\u00fcr den Hessentag komponiert hatte, vorgestellt. Nun f\u00e4llt der Hessentag 2020 in Bad Vilbel wie viele andere Veranstaltungen der Corona-Pandemie zum Opfer, dennoch erschien zur Pr\u00e4sentation des Liedes in unserer Schule hessische Prominenz: Henni Nachtsheim, der neben dem bekannten Autor Andreas Steinh\u00f6fel den Text geschrieben hat. Und nat\u00fcrlich Kenni, das neue Maskottchen der Kennedy-Schule!<\/p>\n\n\n\n<figure class=\"wp-block-video\"><video height=\"720\" style=\"aspect-ratio: 1280 \/ 720;\" width=\"1280\" autoplay controls loop src=\"http:\/\/wir-von-der-kennedy.de\/wirvonderkennedyfinal\/wp-content\/uploads\/2020\/06\/hessenschau-720p.mp4\"><\/video><\/figure>\n\n\n\n<figure class=\"wp-block-gallery columns-2 is-cropped wp-block-gallery-1 is-layout-flex wp-block-gallery-is-layout-flex\"><ul class=\"blocks-gallery-grid\"><li class=\"blocks-gallery-item\"><figure><a href=\"http:\/\/wir-von-der-kennedy.de\/wirvonderkennedyfinal\/wp-content\/uploads\/2020\/06\/Henni-und-Ren\u00e9-2.jpg\"><img loading=\"lazy\" decoding=\"async\" width=\"736\" height=\"552\" src=\"http:\/\/wir-von-der-kennedy.de\/wirvonderkennedyfinal\/wp-content\/uploads\/2020\/06\/Henni-und-Ren\u00e9-2.jpg\" alt=\"\" data-id=\"11373\" data-full-url=\"http:\/\/wir-von-der-kennedy.de\/wirvonderkennedyfinal\/wp-content\/uploads\/2020\/06\/Henni-und-Ren\u00e9-2.jpg\" data-link=\"http:\/\/wir-von-der-kennedy.de\/wirvonderkennedyfinal\/henni-und-rene-2\/\" class=\"wp-image-11373\" srcset=\"https:\/\/wir-von-der-kennedy.de\/wirvonderkennedyfinal\/wp-content\/uploads\/2020\/06\/Henni-und-Ren\u00e9-2.jpg 736w, https:\/\/wir-von-der-kennedy.de\/wirvonderkennedyfinal\/wp-content\/uploads\/2020\/06\/Henni-und-Ren\u00e9-2-300x225.jpg 300w, https:\/\/wir-von-der-kennedy.de\/wirvonderkennedyfinal\/wp-content\/uploads\/2020\/06\/Henni-und-Ren\u00e9-2-400x300.jpg 400w\" sizes=\"auto, (max-width: 736px) 100vw, 736px\" \/><\/a><figcaption class=\"blocks-gallery-item__caption\">Ren\u00e9 Di Rienzo, Kenni und <br>Ariane Wick vom hr<\/figcaption><\/figure><\/li><li class=\"blocks-gallery-item\"><figure><a href=\"http:\/\/wir-von-der-kennedy.de\/wirvonderkennedyfinal\/wp-content\/uploads\/2020\/06\/Henni-und-Kenni.jpg\"><img loading=\"lazy\" decoding=\"async\" width=\"960\" height=\"720\" src=\"http:\/\/wir-von-der-kennedy.de\/wirvonderkennedyfinal\/wp-content\/uploads\/2020\/06\/Henni-und-Kenni.jpg\" alt=\"\" data-id=\"11372\" data-full-url=\"http:\/\/wir-von-der-kennedy.de\/wirvonderkennedyfinal\/wp-content\/uploads\/2020\/06\/Henni-und-Kenni.jpg\" data-link=\"http:\/\/wir-von-der-kennedy.de\/wirvonderkennedyfinal\/henni-und-kenni\/\" class=\"wp-image-11372\" srcset=\"https:\/\/wir-von-der-kennedy.de\/wirvonderkennedyfinal\/wp-content\/uploads\/2020\/06\/Henni-und-Kenni.jpg 960w, https:\/\/wir-von-der-kennedy.de\/wirvonderkennedyfinal\/wp-content\/uploads\/2020\/06\/Henni-und-Kenni-300x225.jpg 300w, https:\/\/wir-von-der-kennedy.de\/wirvonderkennedyfinal\/wp-content\/uploads\/2020\/06\/Henni-und-Kenni-768x576.jpg 768w, https:\/\/wir-von-der-kennedy.de\/wirvonderkennedyfinal\/wp-content\/uploads\/2020\/06\/Henni-und-Kenni-400x300.jpg 400w\" sizes=\"auto, (max-width: 960px) 100vw, 960px\" \/><\/a><figcaption class=\"blocks-gallery-item__caption\">Gut drauf: Kenni und Henni <\/figcaption><\/figure><\/li><\/ul><\/figure>\n","protected":false},"excerpt":{"rendered":"<p>In der Hessenschau des hr-Fernsehens vom 5. Juni 2020 wurde unter anderem das Lied &#8222;123 &amp; ABC&#8220;, das JFK-Musiklehrer Ren\u00e9 Di Rienzo f\u00fcr den Hessentag komponiert hatte, vorgestellt. Nun f\u00e4llt der Hessentag 2020 in Bad Vilbel wie viele andere Veranstaltungen der Corona-Pandemie zum Opfer, dennoch erschien zur Pr\u00e4sentation des Liedes in unserer Schule hessische Prominenz:&#8230; <\/p>\n<div class=\"clear\"><\/div>\n<p><a href=\"https:\/\/wir-von-der-kennedy.de\/wirvonderkennedyfinal\/kenny-henni-und-die-hessenschau\/\" class=\"gdlr-info-font excerpt-read-more\">Read More<\/a><\/p>\n","protected":false},"author":2,"featured_media":0,"comment_status":"closed","ping_status":"closed","sticky":false,"template":"","format":"standard","meta":{"_crdt_document":"","footnotes":""},"categories":[1],"tags":[],"class_list":["post-11367","post","type-post","status-publish","format-standard","hentry","category-allgemein"],"_links":{"self":[{"href":"https:\/\/wir-von-der-kennedy.de\/wirvonderkennedyfinal\/wp-json\/wp\/v2\/posts\/11367","targetHints":{"allow":["GET"]}}],"collection":[{"href":"https:\/\/wir-von-der-kennedy.de\/wirvonderkennedyfinal\/wp-json\/wp\/v2\/posts"}],"about":[{"href":"https:\/\/wir-von-der-kennedy.de\/wirvonderkennedyfinal\/wp-json\/wp\/v2\/types\/post"}],"author":[{"embeddable":true,"href":"https:\/\/wir-von-der-kennedy.de\/wirvonderkennedyfinal\/wp-json\/wp\/v2\/users\/2"}],"replies":[{"embeddable":true,"href":"https:\/\/wir-von-der-kennedy.de\/wirvonderkennedyfinal\/wp-json\/wp\/v2\/comments?post=11367"}],"version-history":[{"count":8,"href":"https:\/\/wir-von-der-kennedy.de\/wirvonderkennedyfinal\/wp-json\/wp\/v2\/posts\/11367\/revisions"}],"predecessor-version":[{"id":11379,"href":"https:\/\/wir-von-der-kennedy.de\/wirvonderkennedyfinal\/wp-json\/wp\/v2\/posts\/11367\/revisions\/11379"}],"wp:attachment":[{"href":"https:\/\/wir-von-der-kennedy.de\/wirvonderkennedyfinal\/wp-json\/wp\/v2\/media?parent=11367"}],"wp:term":[{"taxonomy":"category","embeddable":true,"href":"https:\/\/wir-von-der-kennedy.de\/wirvonderkennedyfinal\/wp-json\/wp\/v2\/categories?post=11367"},{"taxonomy":"post_tag","embeddable":true,"href":"https:\/\/wir-von-der-kennedy.de\/wirvonderkennedyfinal\/wp-json\/wp\/v2\/tags?post=11367"}],"curies":[{"name":"wp","href":"https:\/\/api.w.org\/{rel}","templated":true}]}}