{"id":11396,"date":"2020-06-28T18:44:55","date_gmt":"2020-06-28T16:44:55","guid":{"rendered":"http:\/\/wir-von-der-kennedy.de\/wirvonderkennedyfinal\/?p=11396"},"modified":"2020-06-28T18:47:55","modified_gmt":"2020-06-28T16:47:55","slug":"abschlussfeiern-2020-ganz-anders-ganz-toll","status":"publish","type":"post","link":"https:\/\/wir-von-der-kennedy.de\/wirvonderkennedyfinal\/abschlussfeiern-2020-ganz-anders-ganz-toll\/","title":{"rendered":"Abschlussfeiern 2020: ganz anders, ganz toll!"},"content":{"rendered":"\n<p class=\"wp-block-paragraph\">Die gro\u00dfe Abschlussfeier der JFK findet eigentlich jedes Jahr im Kultur- und Sportforum Dortelweil statt. Da aber in diesen Zeiten Gro\u00dfveranstaltungen tabu sind, entschied sich unsere Schule f\u00fcr vier kleinere Feiern in der Mensa und auf dem Schulhof. Die Abschlusszeugnisse der ca. 30 Haupt- und 75 Realsch\u00fcler ohne einen w\u00fcrdigen Rahmen zu verteilen oder abholen zu lassen, kam jedenfalls f\u00fcr Schulleiter Markus Maienschein und die KlassenlehrerInnen der f\u00fcnf Abschlussklassen nicht in Frage!<\/p>\n\n\n\n<p class=\"wp-block-paragraph\">So fanden am 25. und 26. Juni 2020 jeweils zwei Feiern statt. In der Mensa wurden die Reden gehalten und lustige Videos pr\u00e4sentiert, wurde Gesangsdarbietungen gelauscht, gedankt, gelobt und wurden die Zeugnisse vergeben. Anschlie\u00dfend wurde auf dem Schulhof noch geplaudert, gelacht und <a href=\"http:\/\/wir-von-der-kennedy.de\/wirvonderkennedyfinal\/abschlussfeiern-im-juni-2020\/\">fotografiert (Fotos in der Bildergalerie).<\/a><\/p>\n\n\n\n<p class=\"wp-block-paragraph\"><p>Die aus der Not heraus geborenen Feiern gefielen so gut, dass die eine oder andere Lehrkraft \u00e4u\u00dferte, man k\u00f6nne ja auch n\u00e4chstes Jahr die Abschlussfeier in diesem Rahmen stattfinden lassen. Hoffentlich dann ohne Mindestabstand! \ud83d\ude42<\/p>\n<p>&nbsp;<\/p><\/p>\n\n\n\n<p class=\"wp-block-paragraph\">&nbsp;<\/p>\n","protected":false},"excerpt":{"rendered":"<p>Die gro\u00dfe Abschlussfeier der JFK findet eigentlich jedes Jahr im Kultur- und Sportforum Dortelweil statt. Da aber in diesen Zeiten Gro\u00dfveranstaltungen tabu sind, entschied sich unsere Schule f\u00fcr vier kleinere Feiern in der Mensa und auf dem Schulhof. Die Abschlusszeugnisse der ca. 30 Haupt- und 75 Realsch\u00fcler ohne einen w\u00fcrdigen Rahmen zu verteilen oder abholen&#8230; <\/p>\n<div class=\"clear\"><\/div>\n<p><a href=\"https:\/\/wir-von-der-kennedy.de\/wirvonderkennedyfinal\/abschlussfeiern-2020-ganz-anders-ganz-toll\/\" class=\"gdlr-info-font excerpt-read-more\">Read More<\/a><\/p>\n","protected":false},"author":2,"featured_media":0,"comment_status":"closed","ping_status":"closed","sticky":false,"template":"","format":"standard","meta":{"_crdt_document":"","footnotes":""},"categories":[1],"tags":[],"class_list":["post-11396","post","type-post","status-publish","format-standard","hentry","category-allgemein"],"_links":{"self":[{"href":"https:\/\/wir-von-der-kennedy.de\/wirvonderkennedyfinal\/wp-json\/wp\/v2\/posts\/11396","targetHints":{"allow":["GET"]}}],"collection":[{"href":"https:\/\/wir-von-der-kennedy.de\/wirvonderkennedyfinal\/wp-json\/wp\/v2\/posts"}],"about":[{"href":"https:\/\/wir-von-der-kennedy.de\/wirvonderkennedyfinal\/wp-json\/wp\/v2\/types\/post"}],"author":[{"embeddable":true,"href":"https:\/\/wir-von-der-kennedy.de\/wirvonderkennedyfinal\/wp-json\/wp\/v2\/users\/2"}],"replies":[{"embeddable":true,"href":"https:\/\/wir-von-der-kennedy.de\/wirvonderkennedyfinal\/wp-json\/wp\/v2\/comments?post=11396"}],"version-history":[{"count":4,"href":"https:\/\/wir-von-der-kennedy.de\/wirvonderkennedyfinal\/wp-json\/wp\/v2\/posts\/11396\/revisions"}],"predecessor-version":[{"id":11430,"href":"https:\/\/wir-von-der-kennedy.de\/wirvonderkennedyfinal\/wp-json\/wp\/v2\/posts\/11396\/revisions\/11430"}],"wp:attachment":[{"href":"https:\/\/wir-von-der-kennedy.de\/wirvonderkennedyfinal\/wp-json\/wp\/v2\/media?parent=11396"}],"wp:term":[{"taxonomy":"category","embeddable":true,"href":"https:\/\/wir-von-der-kennedy.de\/wirvonderkennedyfinal\/wp-json\/wp\/v2\/categories?post=11396"},{"taxonomy":"post_tag","embeddable":true,"href":"https:\/\/wir-von-der-kennedy.de\/wirvonderkennedyfinal\/wp-json\/wp\/v2\/tags?post=11396"}],"curies":[{"name":"wp","href":"https:\/\/api.w.org\/{rel}","templated":true}]}}