{"id":11452,"date":"2020-07-02T16:43:07","date_gmt":"2020-07-02T14:43:07","guid":{"rendered":"http:\/\/wir-von-der-kennedy.de\/wirvonderkennedyfinal\/?p=11452"},"modified":"2020-07-02T16:44:29","modified_gmt":"2020-07-02T14:44:29","slug":"wichtige-informationen-zum-schuljahresbeginn-nach-den-sommerferien","status":"publish","type":"post","link":"https:\/\/wir-von-der-kennedy.de\/wirvonderkennedyfinal\/wichtige-informationen-zum-schuljahresbeginn-nach-den-sommerferien\/","title":{"rendered":"Wichtige Informationen der Schulleitung f\u00fcr alle Eltern!"},"content":{"rendered":"\n<p class=\"wp-block-paragraph\">Liebe Eltern und Schulelternbeir\u00e4te, liebe Kolleginnen und Kollegen,<\/p>\n\n\n\n<p class=\"wp-block-paragraph\">das Kultusministerium hat neue Regelungen f\u00fcr das neue Schuljahr herausgebracht. Informationen sind auf der Homepage des Kultusministeriums nachzulesen. Kurz zusammengefasst: Es wird wieder Regelbetrieb eingef\u00fchrt, mit kleinen Ab\u00e4nderungen, die wir Schulen noch intern kl\u00e4ren k\u00f6nnen.&nbsp;Das hei\u00dft (vorausgesetzt dass auch alles nach den Sommerferien noch auf dem momentanen Niveau bleibt): Alle Sch\u00fcler haben 5 Tage die Woche Unterricht in ihren Regelklassen, die Mensa wird wieder ge\u00f6ffnet sein, Nachmittagsangebote werden ebenfalls stattfinden.&nbsp;Die Informationsschreiben des Ministers an Eltern und Schulleitungen vom 30.06.2020 finden Sie hier: <a rel=\"noreferrer noopener\" target=\"_blank\" href=\"https:\/\/kultusministerium.hessen.de\/schulsystem\/aktuelle-informationen-zu-corona\">https:\/\/kultusministerium.hessen.de\/schulsystem\/aktuelle-informationen-zu-corona<\/a>. Informationen des HKM zu Angeboten in den Ferien hier: <a rel=\"noreferrer noopener\" target=\"_blank\" href=\"https:\/\/kultusministerium.hessen.de\/angebote-in-den-ferien\">https:\/\/kultusministerium.hessen.de\/angebote-in-den-ferien<\/a>. Man kann sich f\u00fcr die Ferien auch zur Sommerakademie anmelden \u2013 allerdings muss man sich dazu beeilen, die Anmeldefrist l\u00e4uft bereits am 05.07. ab. <\/p>\n\n\n\n<p class=\"wp-block-paragraph\">Liebe Gr\u00fc\u00dfe<\/p>\n\n\n\n<p class=\"wp-block-paragraph\">Markus Maienschein<br>Schulleiter der John-F.-Kennedy-Schule<\/p>\n","protected":false},"excerpt":{"rendered":"<p>Liebe Eltern und Schulelternbeir\u00e4te, liebe Kolleginnen und Kollegen, das Kultusministerium hat neue Regelungen f\u00fcr das neue Schuljahr herausgebracht. Informationen sind auf der Homepage des Kultusministeriums nachzulesen. Kurz zusammengefasst: Es wird wieder Regelbetrieb eingef\u00fchrt, mit kleinen Ab\u00e4nderungen, die wir Schulen noch intern kl\u00e4ren k\u00f6nnen.&nbsp;Das hei\u00dft (vorausgesetzt dass auch alles nach den Sommerferien noch auf dem momentanen&#8230; <\/p>\n<div class=\"clear\"><\/div>\n<p><a href=\"https:\/\/wir-von-der-kennedy.de\/wirvonderkennedyfinal\/wichtige-informationen-zum-schuljahresbeginn-nach-den-sommerferien\/\" class=\"gdlr-info-font excerpt-read-more\">Read More<\/a><\/p>\n","protected":false},"author":2,"featured_media":0,"comment_status":"closed","ping_status":"closed","sticky":false,"template":"","format":"standard","meta":{"_crdt_document":"","footnotes":""},"categories":[1],"tags":[],"class_list":["post-11452","post","type-post","status-publish","format-standard","hentry","category-allgemein"],"_links":{"self":[{"href":"https:\/\/wir-von-der-kennedy.de\/wirvonderkennedyfinal\/wp-json\/wp\/v2\/posts\/11452","targetHints":{"allow":["GET"]}}],"collection":[{"href":"https:\/\/wir-von-der-kennedy.de\/wirvonderkennedyfinal\/wp-json\/wp\/v2\/posts"}],"about":[{"href":"https:\/\/wir-von-der-kennedy.de\/wirvonderkennedyfinal\/wp-json\/wp\/v2\/types\/post"}],"author":[{"embeddable":true,"href":"https:\/\/wir-von-der-kennedy.de\/wirvonderkennedyfinal\/wp-json\/wp\/v2\/users\/2"}],"replies":[{"embeddable":true,"href":"https:\/\/wir-von-der-kennedy.de\/wirvonderkennedyfinal\/wp-json\/wp\/v2\/comments?post=11452"}],"version-history":[{"count":2,"href":"https:\/\/wir-von-der-kennedy.de\/wirvonderkennedyfinal\/wp-json\/wp\/v2\/posts\/11452\/revisions"}],"predecessor-version":[{"id":11454,"href":"https:\/\/wir-von-der-kennedy.de\/wirvonderkennedyfinal\/wp-json\/wp\/v2\/posts\/11452\/revisions\/11454"}],"wp:attachment":[{"href":"https:\/\/wir-von-der-kennedy.de\/wirvonderkennedyfinal\/wp-json\/wp\/v2\/media?parent=11452"}],"wp:term":[{"taxonomy":"category","embeddable":true,"href":"https:\/\/wir-von-der-kennedy.de\/wirvonderkennedyfinal\/wp-json\/wp\/v2\/categories?post=11452"},{"taxonomy":"post_tag","embeddable":true,"href":"https:\/\/wir-von-der-kennedy.de\/wirvonderkennedyfinal\/wp-json\/wp\/v2\/tags?post=11452"}],"curies":[{"name":"wp","href":"https:\/\/api.w.org\/{rel}","templated":true}]}}