{"id":11636,"date":"2020-09-30T16:17:55","date_gmt":"2020-09-30T14:17:55","guid":{"rendered":"http:\/\/wir-von-der-kennedy.de\/wirvonderkennedyfinal\/?p=11636"},"modified":"2020-09-30T16:21:55","modified_gmt":"2020-09-30T14:21:55","slug":"be-smart-dont-start-ein-projekt-zur-praevention-des-rauchens","status":"publish","type":"post","link":"https:\/\/wir-von-der-kennedy.de\/wirvonderkennedyfinal\/be-smart-dont-start-ein-projekt-zur-praevention-des-rauchens\/","title":{"rendered":"\u201eBe smart Don&#8217;t start&#8220; &#8211; ein Projekt zur Pr\u00e4vention des Rauchens!"},"content":{"rendered":"<p class=\"yiv8304420370p1\"><span class=\"yiv8304420370s1\">Liebe Eltern!<\/span><\/p>\n<p class=\"yiv8304420370p1\"><span class=\"yiv8304420370s1\">\u201eBe smart Don&#8217;t start&#8220; ist ein Projekt zur Pr\u00e4vention des Rauchens. Das Institut f\u00fcr Therapie- und Gesundheitsforschung IFT Nord bietet dieses Projekt an und unterst\u00fctzt Jugendliche auf einfache Art, mit dem\u00a0<\/span><span class=\"yiv8304420370s1\">Rauchen aufzuh\u00f6ren bzw. erst gar nicht zu starten. Seit 20 Jahren werden mit dieser Initiative positive Erfahrungen gemacht.\u00a0<\/span><span class=\"yiv8304420370s1\">Besonders gut geeignet ist das Projekt f\u00fcr die Klassenstufen 6 bis 8. Im Grunde geht es dabei darum, dass die komplette Klasse im Zeitraum <\/span><span class=\"yiv8304420370s1\">vom 16. November 2020 bis zum 30. April 2021 komplett rauchfrei bleibt.<\/span><\/p>\n<p class=\"yiv8304420370p1\"><span class=\"yiv8304420370s1\">Die Klasse pr\u00fcft einmal w\u00f6chentlich intern, ob mindestens 90 % der Sch\u00fclerinnen und Sch\u00fcler rauchfrei waren. \u201eRauchfrei\u201c sein bei Be Smart hei\u00dft: Die Klasse sagt \u201eNein\u201c zu Zigaretten, E-Zigaretten, Shishas, E-Shishas, Tabak und Nikotin in jeder Form. Einmal im Monat meldet die Klasse der Wettbewerbszentrale, ob sie rauchfrei war und weiterhin am Wettbewerb teilnimmt.\u00a0<\/span><span class=\"yiv8304420370s1\">Alle erfolgreichen Klassen nehmen an der Gewinnziehung teil.\u00a0<\/span><span class=\"yiv8304420370s1\">Der Hauptpreis ist eine Klassenreise im Wert von 5000 Euro!<\/span><\/p>\n<p><a href=\"http:\/\/wir-von-der-kennedy.de\/wirvonderkennedyfinal\/wp-content\/uploads\/2020\/09\/Be-Smart-LOGO.jpg\"><img loading=\"lazy\" decoding=\"async\" class=\"alignnone wp-image-11638 size-medium\" src=\"http:\/\/wir-von-der-kennedy.de\/wirvonderkennedyfinal\/wp-content\/uploads\/2020\/09\/Be-Smart-LOGO-300x71.jpg\" alt=\"\" width=\"300\" height=\"71\" srcset=\"https:\/\/wir-von-der-kennedy.de\/wirvonderkennedyfinal\/wp-content\/uploads\/2020\/09\/Be-Smart-LOGO-300x71.jpg 300w, https:\/\/wir-von-der-kennedy.de\/wirvonderkennedyfinal\/wp-content\/uploads\/2020\/09\/Be-Smart-LOGO.jpg 535w\" sizes=\"auto, (max-width: 300px) 100vw, 300px\" \/><\/a><\/p>\n<p><em>Navid Djouiai<\/em><\/p>\n","protected":false},"excerpt":{"rendered":"<p>Liebe Eltern! \u201eBe smart Don&#8217;t start&#8220; ist ein Projekt zur Pr\u00e4vention des Rauchens. Das Institut f\u00fcr Therapie- und Gesundheitsforschung IFT Nord bietet dieses Projekt an und unterst\u00fctzt Jugendliche auf einfache Art, mit dem\u00a0Rauchen aufzuh\u00f6ren bzw. erst gar nicht zu starten. Seit 20 Jahren werden mit dieser Initiative positive Erfahrungen gemacht.\u00a0Besonders gut geeignet ist das Projekt&#8230; <\/p>\n<div class=\"clear\"><\/div>\n<p><a href=\"https:\/\/wir-von-der-kennedy.de\/wirvonderkennedyfinal\/be-smart-dont-start-ein-projekt-zur-praevention-des-rauchens\/\" class=\"gdlr-info-font excerpt-read-more\">Read More<\/a><\/p>\n","protected":false},"author":2,"featured_media":0,"comment_status":"closed","ping_status":"closed","sticky":false,"template":"","format":"standard","meta":{"_crdt_document":"","footnotes":""},"categories":[1],"tags":[],"class_list":["post-11636","post","type-post","status-publish","format-standard","hentry","category-allgemein"],"_links":{"self":[{"href":"https:\/\/wir-von-der-kennedy.de\/wirvonderkennedyfinal\/wp-json\/wp\/v2\/posts\/11636","targetHints":{"allow":["GET"]}}],"collection":[{"href":"https:\/\/wir-von-der-kennedy.de\/wirvonderkennedyfinal\/wp-json\/wp\/v2\/posts"}],"about":[{"href":"https:\/\/wir-von-der-kennedy.de\/wirvonderkennedyfinal\/wp-json\/wp\/v2\/types\/post"}],"author":[{"embeddable":true,"href":"https:\/\/wir-von-der-kennedy.de\/wirvonderkennedyfinal\/wp-json\/wp\/v2\/users\/2"}],"replies":[{"embeddable":true,"href":"https:\/\/wir-von-der-kennedy.de\/wirvonderkennedyfinal\/wp-json\/wp\/v2\/comments?post=11636"}],"version-history":[{"count":3,"href":"https:\/\/wir-von-der-kennedy.de\/wirvonderkennedyfinal\/wp-json\/wp\/v2\/posts\/11636\/revisions"}],"predecessor-version":[{"id":11640,"href":"https:\/\/wir-von-der-kennedy.de\/wirvonderkennedyfinal\/wp-json\/wp\/v2\/posts\/11636\/revisions\/11640"}],"wp:attachment":[{"href":"https:\/\/wir-von-der-kennedy.de\/wirvonderkennedyfinal\/wp-json\/wp\/v2\/media?parent=11636"}],"wp:term":[{"taxonomy":"category","embeddable":true,"href":"https:\/\/wir-von-der-kennedy.de\/wirvonderkennedyfinal\/wp-json\/wp\/v2\/categories?post=11636"},{"taxonomy":"post_tag","embeddable":true,"href":"https:\/\/wir-von-der-kennedy.de\/wirvonderkennedyfinal\/wp-json\/wp\/v2\/tags?post=11636"}],"curies":[{"name":"wp","href":"https:\/\/api.w.org\/{rel}","templated":true}]}}