{"id":11657,"date":"2020-10-23T19:27:02","date_gmt":"2020-10-23T17:27:02","guid":{"rendered":"http:\/\/wir-von-der-kennedy.de\/wirvonderkennedyfinal\/?p=11657"},"modified":"2020-10-23T19:28:43","modified_gmt":"2020-10-23T17:28:43","slug":"termine-fuer-projektpruefungen-und-praesentationen-bekannt-gegeben","status":"publish","type":"post","link":"https:\/\/wir-von-der-kennedy.de\/wirvonderkennedyfinal\/termine-fuer-projektpruefungen-und-praesentationen-bekannt-gegeben\/","title":{"rendered":"Termine f\u00fcr Projektpr\u00fcfungen und Pr\u00e4sentationen bekannt gegeben!"},"content":{"rendered":"<p>Die Termine f\u00fcr die Projektpr\u00fcfungen und die Pr\u00e4sentationen der Abschlusssch\u00fclerinnen und Abschlusssch\u00fcler der JFK wurden am heutigen Freitag bekannt gegeben. Als die Listen im Glaskasten am Eingangsbereich ausgeh\u00e4ngt worden waren, wurde das Abstandsgebot in Corona-Zeiten f\u00fcr einen Moment vergessen. Jeder wollte rasch sehen, wann seine Pr\u00fcfung ist und welche Lehrkr\u00e4fte dabei sein werden. Die Projektpr\u00fcfungen der Hauptsch\u00fclerinnen und -sch\u00fcler finden am 30. Oktober, die Pr\u00e4sentationen der Realsch\u00fclerinnen und -sch\u00fcler vom 2. bis 6. November statt. Eine Maskenpflicht herrscht bei den Pr\u00fcfungen \u00fcbrigens nicht.<\/p>\n\n\n<figure class=\"wp-block-image size-large\"><img loading=\"lazy\" decoding=\"async\" width=\"1024\" height=\"576\" src=\"http:\/\/wir-von-der-kennedy.de\/wirvonderkennedyfinal\/wp-content\/uploads\/2020\/10\/20201023_112615-1024x576.jpg\" alt=\"\" class=\"wp-image-11659\" srcset=\"https:\/\/wir-von-der-kennedy.de\/wirvonderkennedyfinal\/wp-content\/uploads\/2020\/10\/20201023_112615-1024x576.jpg 1024w, https:\/\/wir-von-der-kennedy.de\/wirvonderkennedyfinal\/wp-content\/uploads\/2020\/10\/20201023_112615-300x169.jpg 300w, https:\/\/wir-von-der-kennedy.de\/wirvonderkennedyfinal\/wp-content\/uploads\/2020\/10\/20201023_112615-768x432.jpg 768w, https:\/\/wir-von-der-kennedy.de\/wirvonderkennedyfinal\/wp-content\/uploads\/2020\/10\/20201023_112615-1536x864.jpg 1536w, https:\/\/wir-von-der-kennedy.de\/wirvonderkennedyfinal\/wp-content\/uploads\/2020\/10\/20201023_112615-2048x1152.jpg 2048w\" sizes=\"auto, (max-width: 1024px) 100vw, 1024px\" \/><\/figure>\n","protected":false},"excerpt":{"rendered":"<p>Die Termine f\u00fcr die Projektpr\u00fcfungen und die Pr\u00e4sentationen der Abschlusssch\u00fclerinnen und Abschlusssch\u00fcler der JFK wurden am heutigen Freitag bekannt gegeben. Als die Listen im Glaskasten am Eingangsbereich ausgeh\u00e4ngt worden waren, wurde das Abstandsgebot in Corona-Zeiten f\u00fcr einen Moment vergessen. Jeder wollte rasch sehen, wann seine Pr\u00fcfung ist und welche Lehrkr\u00e4fte dabei sein werden. Die Projektpr\u00fcfungen&#8230; <\/p>\n<div class=\"clear\"><\/div>\n<p><a href=\"https:\/\/wir-von-der-kennedy.de\/wirvonderkennedyfinal\/termine-fuer-projektpruefungen-und-praesentationen-bekannt-gegeben\/\" class=\"gdlr-info-font excerpt-read-more\">Read More<\/a><\/p>\n","protected":false},"author":2,"featured_media":0,"comment_status":"closed","ping_status":"closed","sticky":false,"template":"","format":"standard","meta":{"_crdt_document":"","footnotes":""},"categories":[1],"tags":[],"class_list":["post-11657","post","type-post","status-publish","format-standard","hentry","category-allgemein"],"_links":{"self":[{"href":"https:\/\/wir-von-der-kennedy.de\/wirvonderkennedyfinal\/wp-json\/wp\/v2\/posts\/11657","targetHints":{"allow":["GET"]}}],"collection":[{"href":"https:\/\/wir-von-der-kennedy.de\/wirvonderkennedyfinal\/wp-json\/wp\/v2\/posts"}],"about":[{"href":"https:\/\/wir-von-der-kennedy.de\/wirvonderkennedyfinal\/wp-json\/wp\/v2\/types\/post"}],"author":[{"embeddable":true,"href":"https:\/\/wir-von-der-kennedy.de\/wirvonderkennedyfinal\/wp-json\/wp\/v2\/users\/2"}],"replies":[{"embeddable":true,"href":"https:\/\/wir-von-der-kennedy.de\/wirvonderkennedyfinal\/wp-json\/wp\/v2\/comments?post=11657"}],"version-history":[{"count":2,"href":"https:\/\/wir-von-der-kennedy.de\/wirvonderkennedyfinal\/wp-json\/wp\/v2\/posts\/11657\/revisions"}],"predecessor-version":[{"id":11660,"href":"https:\/\/wir-von-der-kennedy.de\/wirvonderkennedyfinal\/wp-json\/wp\/v2\/posts\/11657\/revisions\/11660"}],"wp:attachment":[{"href":"https:\/\/wir-von-der-kennedy.de\/wirvonderkennedyfinal\/wp-json\/wp\/v2\/media?parent=11657"}],"wp:term":[{"taxonomy":"category","embeddable":true,"href":"https:\/\/wir-von-der-kennedy.de\/wirvonderkennedyfinal\/wp-json\/wp\/v2\/categories?post=11657"},{"taxonomy":"post_tag","embeddable":true,"href":"https:\/\/wir-von-der-kennedy.de\/wirvonderkennedyfinal\/wp-json\/wp\/v2\/tags?post=11657"}],"curies":[{"name":"wp","href":"https:\/\/api.w.org\/{rel}","templated":true}]}}