{"id":11963,"date":"2021-03-18T23:18:59","date_gmt":"2021-03-18T22:18:59","guid":{"rendered":"http:\/\/wir-von-der-kennedy.de\/wirvonderkennedyfinal\/?p=11963"},"modified":"2021-03-21T23:10:40","modified_gmt":"2021-03-21T22:10:40","slug":"kein-wechselunterricht-vor-ostern","status":"publish","type":"post","link":"https:\/\/wir-von-der-kennedy.de\/wirvonderkennedyfinal\/kein-wechselunterricht-vor-ostern\/","title":{"rendered":"Kein Wechselunterricht vor Ostern! Elternbrief des Kultusministers vom 18. M\u00e4rz 2021!"},"content":{"rendered":"<p>Eigentlich sollte an der JFK \u2013 wie an allen anderen Schulen in Hessen auch \u2013 ab dem 22. M\u00e4rz 2021 der Wechselunterricht der Jahrgangsstufen 7 bis 9 aufgenommen werden. Doch das werde aufgrund der wieder steigenden Inzidenzwerte <strong>nicht<\/strong> geschehen, hat das Corona-Kabinett beschlossen. Die Landesregierung hatte damit den Sch\u00fclerinnen und Sch\u00fclern der weiterf\u00fchrenden Klassen erm\u00f6glichen wollen, noch einmal vor den Osterferien in die Schulen zu kommen. Ministerpr\u00e4sident Volker Bouffier sagte: &#8222;Es ist jetzt nicht die Zeit f\u00fcr weitere \u00d6ffnungsschritte.&#8220;<br \/>\n<a href=\"http:\/\/wir-von-der-kennedy.de\/wirvonderkennedyfinal\/wp-content\/uploads\/2021\/03\/Aktuelle-Information-zum-Schul-und-Unterrichtsbetrieb.pdf\">Elternbrief des hessischer Kultusministers Prof. Dr. R. Alexander Lorz vom 18. M\u00e4rz 2021 <\/a><\/p>\n","protected":false},"excerpt":{"rendered":"<p>Eigentlich sollte an der JFK \u2013 wie an allen anderen Schulen in Hessen auch \u2013 ab dem 22. M\u00e4rz 2021 der Wechselunterricht der Jahrgangsstufen 7 bis 9 aufgenommen werden. Doch das werde aufgrund der wieder steigenden Inzidenzwerte nicht geschehen, hat das Corona-Kabinett beschlossen. Die Landesregierung hatte damit den Sch\u00fclerinnen und Sch\u00fclern der weiterf\u00fchrenden Klassen erm\u00f6glichen&#8230; <\/p>\n<div class=\"clear\"><\/div>\n<p><a href=\"https:\/\/wir-von-der-kennedy.de\/wirvonderkennedyfinal\/kein-wechselunterricht-vor-ostern\/\" class=\"gdlr-info-font excerpt-read-more\">Read More<\/a><\/p>\n","protected":false},"author":2,"featured_media":0,"comment_status":"closed","ping_status":"closed","sticky":false,"template":"","format":"standard","meta":{"_crdt_document":"","footnotes":""},"categories":[1],"tags":[],"class_list":["post-11963","post","type-post","status-publish","format-standard","hentry","category-allgemein"],"_links":{"self":[{"href":"https:\/\/wir-von-der-kennedy.de\/wirvonderkennedyfinal\/wp-json\/wp\/v2\/posts\/11963","targetHints":{"allow":["GET"]}}],"collection":[{"href":"https:\/\/wir-von-der-kennedy.de\/wirvonderkennedyfinal\/wp-json\/wp\/v2\/posts"}],"about":[{"href":"https:\/\/wir-von-der-kennedy.de\/wirvonderkennedyfinal\/wp-json\/wp\/v2\/types\/post"}],"author":[{"embeddable":true,"href":"https:\/\/wir-von-der-kennedy.de\/wirvonderkennedyfinal\/wp-json\/wp\/v2\/users\/2"}],"replies":[{"embeddable":true,"href":"https:\/\/wir-von-der-kennedy.de\/wirvonderkennedyfinal\/wp-json\/wp\/v2\/comments?post=11963"}],"version-history":[{"count":6,"href":"https:\/\/wir-von-der-kennedy.de\/wirvonderkennedyfinal\/wp-json\/wp\/v2\/posts\/11963\/revisions"}],"predecessor-version":[{"id":11971,"href":"https:\/\/wir-von-der-kennedy.de\/wirvonderkennedyfinal\/wp-json\/wp\/v2\/posts\/11963\/revisions\/11971"}],"wp:attachment":[{"href":"https:\/\/wir-von-der-kennedy.de\/wirvonderkennedyfinal\/wp-json\/wp\/v2\/media?parent=11963"}],"wp:term":[{"taxonomy":"category","embeddable":true,"href":"https:\/\/wir-von-der-kennedy.de\/wirvonderkennedyfinal\/wp-json\/wp\/v2\/categories?post=11963"},{"taxonomy":"post_tag","embeddable":true,"href":"https:\/\/wir-von-der-kennedy.de\/wirvonderkennedyfinal\/wp-json\/wp\/v2\/tags?post=11963"}],"curies":[{"name":"wp","href":"https:\/\/api.w.org\/{rel}","templated":true}]}}