{"id":12017,"date":"2021-04-14T23:07:56","date_gmt":"2021-04-14T21:07:56","guid":{"rendered":"http:\/\/wir-von-der-kennedy.de\/wirvonderkennedyfinal\/?p=12017"},"modified":"2021-04-15T22:59:30","modified_gmt":"2021-04-15T20:59:30","slug":"unterricht-nach-den-osterferien-brief-des-kultusministers-vom-12-04-2021","status":"publish","type":"post","link":"https:\/\/wir-von-der-kennedy.de\/wirvonderkennedyfinal\/unterricht-nach-den-osterferien-brief-des-kultusministers-vom-12-04-2021\/","title":{"rendered":"Unterricht nach den Osterferien 1: Brief des Kultusministers vom 12.04.2021!"},"content":{"rendered":"<p>Der geplante Wechselunterricht f\u00fcr die Sch\u00fclerinnen und Sch\u00fcler der Klassen 7H und R, 8H und R und 9R wird nach den Osterferien aufgrund der momentanen Pandemiesituation <strong>nicht<\/strong> beginnen k\u00f6nnen. Weitere Informationen entnehmen Sie bitte dem Elternbrief des hessischen Kultusministers vom 12. April 2021.<br \/>\n<a href=\"http:\/\/wir-von-der-kennedy.de\/wirvonderkennedyfinal\/wp-content\/uploads\/2021\/04\/Elternbrief-vom-12.04.2021.pdf\">Elternbrief des hessischer Kultusministers Prof. Dr. R. Alexander Lorz vom 12.04.2021<\/a><\/p>\n","protected":false},"excerpt":{"rendered":"<p>Der geplante Wechselunterricht f\u00fcr die Sch\u00fclerinnen und Sch\u00fcler der Klassen 7H und R, 8H und R und 9R wird nach den Osterferien aufgrund der momentanen Pandemiesituation nicht beginnen k\u00f6nnen. Weitere Informationen entnehmen Sie bitte dem Elternbrief des hessischen Kultusministers vom 12. April 2021. Elternbrief des hessischer Kultusministers Prof. Dr. R. Alexander Lorz vom 12.04.2021<\/p>\n","protected":false},"author":2,"featured_media":0,"comment_status":"closed","ping_status":"closed","sticky":false,"template":"","format":"standard","meta":{"_crdt_document":"","footnotes":""},"categories":[1],"tags":[],"class_list":["post-12017","post","type-post","status-publish","format-standard","hentry","category-allgemein"],"_links":{"self":[{"href":"https:\/\/wir-von-der-kennedy.de\/wirvonderkennedyfinal\/wp-json\/wp\/v2\/posts\/12017","targetHints":{"allow":["GET"]}}],"collection":[{"href":"https:\/\/wir-von-der-kennedy.de\/wirvonderkennedyfinal\/wp-json\/wp\/v2\/posts"}],"about":[{"href":"https:\/\/wir-von-der-kennedy.de\/wirvonderkennedyfinal\/wp-json\/wp\/v2\/types\/post"}],"author":[{"embeddable":true,"href":"https:\/\/wir-von-der-kennedy.de\/wirvonderkennedyfinal\/wp-json\/wp\/v2\/users\/2"}],"replies":[{"embeddable":true,"href":"https:\/\/wir-von-der-kennedy.de\/wirvonderkennedyfinal\/wp-json\/wp\/v2\/comments?post=12017"}],"version-history":[{"count":3,"href":"https:\/\/wir-von-der-kennedy.de\/wirvonderkennedyfinal\/wp-json\/wp\/v2\/posts\/12017\/revisions"}],"predecessor-version":[{"id":12029,"href":"https:\/\/wir-von-der-kennedy.de\/wirvonderkennedyfinal\/wp-json\/wp\/v2\/posts\/12017\/revisions\/12029"}],"wp:attachment":[{"href":"https:\/\/wir-von-der-kennedy.de\/wirvonderkennedyfinal\/wp-json\/wp\/v2\/media?parent=12017"}],"wp:term":[{"taxonomy":"category","embeddable":true,"href":"https:\/\/wir-von-der-kennedy.de\/wirvonderkennedyfinal\/wp-json\/wp\/v2\/categories?post=12017"},{"taxonomy":"post_tag","embeddable":true,"href":"https:\/\/wir-von-der-kennedy.de\/wirvonderkennedyfinal\/wp-json\/wp\/v2\/tags?post=12017"}],"curies":[{"name":"wp","href":"https:\/\/api.w.org\/{rel}","templated":true}]}}