{"id":12323,"date":"2021-09-02T17:19:24","date_gmt":"2021-09-02T15:19:24","guid":{"rendered":"http:\/\/wir-von-der-kennedy.de\/wirvonderkennedyfinal\/?p=12323"},"modified":"2021-09-02T17:19:24","modified_gmt":"2021-09-02T15:19:24","slug":"freiwilliges-impfangebot-am-15-09-2021-an-der-jfk","status":"publish","type":"post","link":"https:\/\/wir-von-der-kennedy.de\/wirvonderkennedyfinal\/freiwilliges-impfangebot-am-15-09-2021-an-der-jfk\/","title":{"rendered":"Freiwilliges Impfangebot am 15.09.2021 an der JFK!"},"content":{"rendered":"<div>F\u00fcr unsere Sch\u00fclerinnen und Sch\u00fcler findet am 15. September 2021 in der Zeit von 13.00-19.00 Uhr ein freiwilliges Impfangebot gegen Covid-19 an der Schule statt. Sch\u00fclerinnen und Sch\u00fcler, die Nachmittagsunterricht haben, k\u00f6nnen erst nach dem Unterricht zur Impfung gehen. Impfwillige m\u00fcssen von einem Erziehungsberechtigten begleitet werden, eine Unterschrift gen\u00fcgt nicht.<\/div>\n<div><a href=\"http:\/\/wir-von-der-kennedy.de\/wirvonderkennedyfinal\/wp-content\/uploads\/2021\/09\/1_008_mRNA_Anamnese_Einwilligung_interaktiv_2021-08-19-1.pdf\">Anamnesebogen<\/a><\/div>\n<div><a href=\"http:\/\/wir-von-der-kennedy.de\/wirvonderkennedyfinal\/wp-content\/uploads\/2021\/09\/1_010_mRNA_Aufklaerung_2021-08-19_interaktiv-1.pdf\">Aufkl\u00e4rungsmerkblatt zur Schutzimpfung gegen Covid-19<\/a><\/div>\n","protected":false},"excerpt":{"rendered":"<p>F\u00fcr unsere Sch\u00fclerinnen und Sch\u00fcler findet am 15. September 2021 in der Zeit von 13.00-19.00 Uhr ein freiwilliges Impfangebot gegen Covid-19 an der Schule statt. Sch\u00fclerinnen und Sch\u00fcler, die Nachmittagsunterricht haben, k\u00f6nnen erst nach dem Unterricht zur Impfung gehen. Impfwillige m\u00fcssen von einem Erziehungsberechtigten begleitet werden, eine Unterschrift gen\u00fcgt nicht. Anamnesebogen Aufkl\u00e4rungsmerkblatt zur Schutzimpfung gegen&#8230; <\/p>\n<div class=\"clear\"><\/div>\n<p><a href=\"https:\/\/wir-von-der-kennedy.de\/wirvonderkennedyfinal\/freiwilliges-impfangebot-am-15-09-2021-an-der-jfk\/\" class=\"gdlr-info-font excerpt-read-more\">Read More<\/a><\/p>\n","protected":false},"author":2,"featured_media":0,"comment_status":"closed","ping_status":"closed","sticky":false,"template":"","format":"standard","meta":{"_crdt_document":"","footnotes":""},"categories":[1],"tags":[],"class_list":["post-12323","post","type-post","status-publish","format-standard","hentry","category-allgemein"],"_links":{"self":[{"href":"https:\/\/wir-von-der-kennedy.de\/wirvonderkennedyfinal\/wp-json\/wp\/v2\/posts\/12323","targetHints":{"allow":["GET"]}}],"collection":[{"href":"https:\/\/wir-von-der-kennedy.de\/wirvonderkennedyfinal\/wp-json\/wp\/v2\/posts"}],"about":[{"href":"https:\/\/wir-von-der-kennedy.de\/wirvonderkennedyfinal\/wp-json\/wp\/v2\/types\/post"}],"author":[{"embeddable":true,"href":"https:\/\/wir-von-der-kennedy.de\/wirvonderkennedyfinal\/wp-json\/wp\/v2\/users\/2"}],"replies":[{"embeddable":true,"href":"https:\/\/wir-von-der-kennedy.de\/wirvonderkennedyfinal\/wp-json\/wp\/v2\/comments?post=12323"}],"version-history":[{"count":4,"href":"https:\/\/wir-von-der-kennedy.de\/wirvonderkennedyfinal\/wp-json\/wp\/v2\/posts\/12323\/revisions"}],"predecessor-version":[{"id":12329,"href":"https:\/\/wir-von-der-kennedy.de\/wirvonderkennedyfinal\/wp-json\/wp\/v2\/posts\/12323\/revisions\/12329"}],"wp:attachment":[{"href":"https:\/\/wir-von-der-kennedy.de\/wirvonderkennedyfinal\/wp-json\/wp\/v2\/media?parent=12323"}],"wp:term":[{"taxonomy":"category","embeddable":true,"href":"https:\/\/wir-von-der-kennedy.de\/wirvonderkennedyfinal\/wp-json\/wp\/v2\/categories?post=12323"},{"taxonomy":"post_tag","embeddable":true,"href":"https:\/\/wir-von-der-kennedy.de\/wirvonderkennedyfinal\/wp-json\/wp\/v2\/tags?post=12323"}],"curies":[{"name":"wp","href":"https:\/\/api.w.org\/{rel}","templated":true}]}}