{"id":12477,"date":"2021-10-08T15:56:54","date_gmt":"2021-10-08T13:56:54","guid":{"rendered":"http:\/\/wir-von-der-kennedy.de\/wirvonderkennedyfinal\/?p=12477"},"modified":"2022-02-23T17:37:04","modified_gmt":"2022-02-23T16:37:04","slug":"die-jfk-wuenscht-allen-schuelerinnen-und-schuelern-schoene-herbstferien","status":"publish","type":"post","link":"https:\/\/wir-von-der-kennedy.de\/wirvonderkennedyfinal\/die-jfk-wuenscht-allen-schuelerinnen-und-schuelern-schoene-herbstferien\/","title":{"rendered":"Die JFK w\u00fcnscht allen Sch\u00fclerinnen und Sch\u00fclern sch\u00f6ne Herbstferien!"},"content":{"rendered":"<p>Heute war der letzte Schultag vor den Herbstferien. Weiter geht&#8217;s am 25.10.2021. Nach den Herbstferien ist vom Kultusministerium angedacht, wieder zwei Pr\u00e4ventionswochen (wie nach den Sommerferien) durchzuf\u00fchren. Dies bedeutet, dass wir dreimal w\u00f6chentlich (Montag, Mittwoch und Freitag) testen und es eine durchg\u00e4ngige Maskenpflicht (auch am Sitzplatz) gibt. Wir bedanken uns bei der gesamten Schulgemeinde f\u00fcr das gute Einhalten der Hygieneregeln. Dies hat dazu gef\u00fchrt, dass wir nur wenige positive F\u00e4lle und vor allem keine Ansteckungen innerhalb der Schule hatten!<\/p>\n","protected":false},"excerpt":{"rendered":"<p>Heute war der letzte Schultag vor den Herbstferien. Weiter geht&#8217;s am 25.10.2021. Nach den Herbstferien ist vom Kultusministerium angedacht, wieder zwei Pr\u00e4ventionswochen (wie nach den Sommerferien) durchzuf\u00fchren. Dies bedeutet, dass wir dreimal w\u00f6chentlich (Montag, Mittwoch und Freitag) testen und es eine durchg\u00e4ngige Maskenpflicht (auch am Sitzplatz) gibt. Wir bedanken uns bei der gesamten Schulgemeinde f\u00fcr&#8230; <\/p>\n<div class=\"clear\"><\/div>\n<p><a href=\"https:\/\/wir-von-der-kennedy.de\/wirvonderkennedyfinal\/die-jfk-wuenscht-allen-schuelerinnen-und-schuelern-schoene-herbstferien\/\" class=\"gdlr-info-font excerpt-read-more\">Read More<\/a><\/p>\n","protected":false},"author":2,"featured_media":0,"comment_status":"closed","ping_status":"closed","sticky":false,"template":"","format":"standard","meta":{"_crdt_document":"","footnotes":""},"categories":[1],"tags":[],"class_list":["post-12477","post","type-post","status-publish","format-standard","hentry","category-allgemein"],"_links":{"self":[{"href":"https:\/\/wir-von-der-kennedy.de\/wirvonderkennedyfinal\/wp-json\/wp\/v2\/posts\/12477","targetHints":{"allow":["GET"]}}],"collection":[{"href":"https:\/\/wir-von-der-kennedy.de\/wirvonderkennedyfinal\/wp-json\/wp\/v2\/posts"}],"about":[{"href":"https:\/\/wir-von-der-kennedy.de\/wirvonderkennedyfinal\/wp-json\/wp\/v2\/types\/post"}],"author":[{"embeddable":true,"href":"https:\/\/wir-von-der-kennedy.de\/wirvonderkennedyfinal\/wp-json\/wp\/v2\/users\/2"}],"replies":[{"embeddable":true,"href":"https:\/\/wir-von-der-kennedy.de\/wirvonderkennedyfinal\/wp-json\/wp\/v2\/comments?post=12477"}],"version-history":[{"count":2,"href":"https:\/\/wir-von-der-kennedy.de\/wirvonderkennedyfinal\/wp-json\/wp\/v2\/posts\/12477\/revisions"}],"predecessor-version":[{"id":12752,"href":"https:\/\/wir-von-der-kennedy.de\/wirvonderkennedyfinal\/wp-json\/wp\/v2\/posts\/12477\/revisions\/12752"}],"wp:attachment":[{"href":"https:\/\/wir-von-der-kennedy.de\/wirvonderkennedyfinal\/wp-json\/wp\/v2\/media?parent=12477"}],"wp:term":[{"taxonomy":"category","embeddable":true,"href":"https:\/\/wir-von-der-kennedy.de\/wirvonderkennedyfinal\/wp-json\/wp\/v2\/categories?post=12477"},{"taxonomy":"post_tag","embeddable":true,"href":"https:\/\/wir-von-der-kennedy.de\/wirvonderkennedyfinal\/wp-json\/wp\/v2\/tags?post=12477"}],"curies":[{"name":"wp","href":"https:\/\/api.w.org\/{rel}","templated":true}]}}