{"id":12870,"date":"2022-05-03T23:25:25","date_gmt":"2022-05-03T21:25:25","guid":{"rendered":"http:\/\/wir-von-der-kennedy.de\/wirvonderkennedyfinal\/?p=12870"},"modified":"2022-05-03T23:25:26","modified_gmt":"2022-05-03T21:25:26","slug":"jfk-schuelerinnen-in-der-heute-sendung-des-zdf","status":"publish","type":"post","link":"https:\/\/wir-von-der-kennedy.de\/wirvonderkennedyfinal\/jfk-schuelerinnen-in-der-heute-sendung-des-zdf\/","title":{"rendered":"JFK-Sch\u00fclerinnen in der &#8222;heute&#8220;-Sendung des ZDF!"},"content":{"rendered":"<p>In einem Beitrag \u00fcber unbesetzte Ausbildungspl\u00e4tze in der Nachrichtensendung &#8222;heute&#8220; vom 3. Mai 2022 zeigte das ZDF Aufnahmen, die am &#8222;Girls`Day&#8220; (28.04.22) in Bad Vilbel aufgenommen wurden. Mit dabei vier Sch\u00fclerinnen der Klasse 8b: Alina, Elena, Lydia und Vanessa.<\/p>\n\n\n<figure class=\"wp-block-video\"><video height=\"576\" style=\"aspect-ratio: 720 \/ 576;\" width=\"720\" autoplay controls src=\"http:\/\/wir-von-der-kennedy.de\/wirvonderkennedyfinal\/wp-content\/uploads\/2022\/05\/Jfk-Schuelerinnen-Im-ZDF-18.m4v\"><\/video><\/figure>\n","protected":false},"excerpt":{"rendered":"<p>In einem Beitrag \u00fcber unbesetzte Ausbildungspl\u00e4tze in der Nachrichtensendung &#8222;heute&#8220; vom 3. Mai 2022 zeigte das ZDF Aufnahmen, die am &#8222;Girls`Day&#8220; (28.04.22) in Bad Vilbel aufgenommen wurden. Mit dabei vier Sch\u00fclerinnen der Klasse 8b: Alina, Elena, Lydia und Vanessa.<\/p>\n","protected":false},"author":2,"featured_media":0,"comment_status":"closed","ping_status":"closed","sticky":false,"template":"","format":"standard","meta":{"_crdt_document":"","footnotes":""},"categories":[1],"tags":[],"class_list":["post-12870","post","type-post","status-publish","format-standard","hentry","category-allgemein"],"_links":{"self":[{"href":"https:\/\/wir-von-der-kennedy.de\/wirvonderkennedyfinal\/wp-json\/wp\/v2\/posts\/12870","targetHints":{"allow":["GET"]}}],"collection":[{"href":"https:\/\/wir-von-der-kennedy.de\/wirvonderkennedyfinal\/wp-json\/wp\/v2\/posts"}],"about":[{"href":"https:\/\/wir-von-der-kennedy.de\/wirvonderkennedyfinal\/wp-json\/wp\/v2\/types\/post"}],"author":[{"embeddable":true,"href":"https:\/\/wir-von-der-kennedy.de\/wirvonderkennedyfinal\/wp-json\/wp\/v2\/users\/2"}],"replies":[{"embeddable":true,"href":"https:\/\/wir-von-der-kennedy.de\/wirvonderkennedyfinal\/wp-json\/wp\/v2\/comments?post=12870"}],"version-history":[{"count":3,"href":"https:\/\/wir-von-der-kennedy.de\/wirvonderkennedyfinal\/wp-json\/wp\/v2\/posts\/12870\/revisions"}],"predecessor-version":[{"id":12873,"href":"https:\/\/wir-von-der-kennedy.de\/wirvonderkennedyfinal\/wp-json\/wp\/v2\/posts\/12870\/revisions\/12873"}],"wp:attachment":[{"href":"https:\/\/wir-von-der-kennedy.de\/wirvonderkennedyfinal\/wp-json\/wp\/v2\/media?parent=12870"}],"wp:term":[{"taxonomy":"category","embeddable":true,"href":"https:\/\/wir-von-der-kennedy.de\/wirvonderkennedyfinal\/wp-json\/wp\/v2\/categories?post=12870"},{"taxonomy":"post_tag","embeddable":true,"href":"https:\/\/wir-von-der-kennedy.de\/wirvonderkennedyfinal\/wp-json\/wp\/v2\/tags?post=12870"}],"curies":[{"name":"wp","href":"https:\/\/api.w.org\/{rel}","templated":true}]}}