{"id":13104,"date":"2022-07-08T18:31:04","date_gmt":"2022-07-08T16:31:04","guid":{"rendered":"http:\/\/wir-von-der-kennedy.de\/wirvonderkennedyfinal\/?p=13104"},"modified":"2022-07-08T18:32:26","modified_gmt":"2022-07-08T16:32:26","slug":"staendig-auf-achse-die-abschlussklassen-10-a-und-10-b","status":"publish","type":"post","link":"https:\/\/wir-von-der-kennedy.de\/wirvonderkennedyfinal\/staendig-auf-achse-die-abschlussklassen-10-a-und-10-b\/","title":{"rendered":"St\u00e4ndig auf Achse: die Abschlussklassen 10 a und 10 b!"},"content":{"rendered":"<p>Die beiden Klassen 10a und b waren mit ihren Klassenlehrerinnen Astrid Logisch und Petra Ulrich in letzter Zeit viel unterwegs:<\/p>\n<p>&#8222;Kaum waren wir von unserer Abschlussfahrt an die <span style=\"color: #3366ff;\">Ostsee<\/span> zur\u00fcck, kamen ja vier Wochen sp\u00e4ter die Abschlusspr\u00fcfungen, die alle gut \u00fcberstanden haben.<br>Und dann ging es los:<br>Am 15.06. haben wir gemeinsam mit der 10b die <span style=\"color: #3366ff;\">Gedenkst\u00e4tte Breitenau<\/span> und das sch\u00f6ne <span style=\"color: #3366ff;\">Kassel<\/span> besucht. Ein Gef\u00e4ngnis, das vor dem Krieg f\u00fcr Landstreicher und Prostituierte genutzt wurde, w\u00e4hrend der Nazizeit als KZ und nach dem Krieg als Heim f\u00fcr \u201eschwer erziehbare M\u00e4dchen\u201c, die in den 1950er Jahren eingesperrt wurden, weil sie einen Bikini tragen wollten.<br>Am 23.06. hat uns unser Mathe-Projekt nach <span style=\"color: #3366ff;\">Frankfurt<\/span> gef\u00fchrt. Die Klasse hat in kleinen Gruppen Sch\u00e4tzaufgaben konzipiert, so haben sie beispielsweise berechnet, wieviel Dosen Bohnen in das Info-Zentrum an der Hauptwache passen oder wieviel 2\u20ac-St\u00fccke in die Euro-Skulptur am Willy-Brand-Platz passen.<br>Am 27.06. hatten wir gemeinsam mit der 10b einen Tagesausflug nach <span style=\"color: #3366ff;\">K\u00f6ln<\/span>. Im <span style=\"color: #3366ff;\">Schokoladenmuseum<\/span> haben wir Kakao in allen Produktionsstufen kennen gelernt und auf der Domplatte gerieten wir auf dem R\u00fcckweg zum Bus in einen Wolkenbruch. Aber die 10a ist hart im nehmen, am n\u00e4chsten Tag waren nahezu alle wieder in der Schule.<br>Am 6.7. war die Klasse mit Herrn Menzel in Frankfurt im ehemaligen <span style=\"color: #3366ff;\">Judenviertel<\/span>.<br>Am 7.7. besuchten wir schlie\u00dflich noch das <span style=\"color: #3366ff;\">Seedammbad<\/span> in <span style=\"color: #3366ff;\">Bad Homburg<\/span> zum Baden.<br>Am 11.7. kommen die Streitschlichter nochmals in den Genuss ihres Dankesch\u00f6n Ausfluges. Eine <span style=\"color: #3366ff;\">Main-Rundfahrt<\/span> per Schiff und der Besuch des Gartenlokals Main-Nizza soll die Gruppe f\u00fcr ihr Engagement belohnen.<br>Am 14.7. nehmen wir Abschied beim gemeinsamen \u201eBring and Share\u201c Treffen mit Eltern auf dem Massenheimer Sportplatz, bevor es am 15.7. auf der Abschlussfeier endg\u00fcltig hei\u00dft: Schluss-Ende-Aus.<\/p>\n<p>Es war eine wunderbare Zeit und die Klassen 10a in 10b waren das beste Abschiedsgeschenk, das Frau Ulrich und ich bekommen konnten. Wir w\u00fcnschen unseren Sch\u00fclerinnen und Sch\u00fclern f\u00fcr ihre Zukunft alles Liebe und Gute.&#8220;<\/p>\n\n\n<figure class=\"wp-block-gallery columns-2 is-cropped wp-block-gallery-1 is-layout-flex wp-block-gallery-is-layout-flex\"><ul class=\"blocks-gallery-grid\"><li class=\"blocks-gallery-item\"><figure><a href=\"http:\/\/wir-von-der-kennedy.de\/wirvonderkennedyfinal\/wp-content\/uploads\/2022\/07\/WhatsApp-Image-2022-07-07-at-11.17.57.jpeg\"><img loading=\"lazy\" decoding=\"async\" width=\"1024\" height=\"768\" src=\"http:\/\/wir-von-der-kennedy.de\/wirvonderkennedyfinal\/wp-content\/uploads\/2022\/07\/WhatsApp-Image-2022-07-07-at-11.17.57-1024x768.jpeg\" alt=\"\" data-id=\"13102\" data-full-url=\"http:\/\/wir-von-der-kennedy.de\/wirvonderkennedyfinal\/wp-content\/uploads\/2022\/07\/WhatsApp-Image-2022-07-07-at-11.17.57.jpeg\" data-link=\"http:\/\/wir-von-der-kennedy.de\/wirvonderkennedyfinal\/whatsapp-image-2022-07-07-at-11-17-57\/\" class=\"wp-image-13102\" srcset=\"https:\/\/wir-von-der-kennedy.de\/wirvonderkennedyfinal\/wp-content\/uploads\/2022\/07\/WhatsApp-Image-2022-07-07-at-11.17.57-1024x768.jpeg 1024w, https:\/\/wir-von-der-kennedy.de\/wirvonderkennedyfinal\/wp-content\/uploads\/2022\/07\/WhatsApp-Image-2022-07-07-at-11.17.57-300x225.jpeg 300w, https:\/\/wir-von-der-kennedy.de\/wirvonderkennedyfinal\/wp-content\/uploads\/2022\/07\/WhatsApp-Image-2022-07-07-at-11.17.57-768x576.jpeg 768w, https:\/\/wir-von-der-kennedy.de\/wirvonderkennedyfinal\/wp-content\/uploads\/2022\/07\/WhatsApp-Image-2022-07-07-at-11.17.57-1536x1152.jpeg 1536w, https:\/\/wir-von-der-kennedy.de\/wirvonderkennedyfinal\/wp-content\/uploads\/2022\/07\/WhatsApp-Image-2022-07-07-at-11.17.57-400x300.jpeg 400w, https:\/\/wir-von-der-kennedy.de\/wirvonderkennedyfinal\/wp-content\/uploads\/2022\/07\/WhatsApp-Image-2022-07-07-at-11.17.57.jpeg 1600w\" sizes=\"auto, (max-width: 1024px) 100vw, 1024px\" \/><\/a><\/figure><\/li><li class=\"blocks-gallery-item\"><figure><a href=\"http:\/\/wir-von-der-kennedy.de\/wirvonderkennedyfinal\/wp-content\/uploads\/2022\/07\/WhatsApp-Image-2022-07-08-at-18.07.27.jpeg\"><img loading=\"lazy\" decoding=\"async\" width=\"1024\" height=\"768\" src=\"http:\/\/wir-von-der-kennedy.de\/wirvonderkennedyfinal\/wp-content\/uploads\/2022\/07\/WhatsApp-Image-2022-07-08-at-18.07.27-1024x768.jpeg\" alt=\"\" data-id=\"13103\" data-full-url=\"http:\/\/wir-von-der-kennedy.de\/wirvonderkennedyfinal\/wp-content\/uploads\/2022\/07\/WhatsApp-Image-2022-07-08-at-18.07.27.jpeg\" data-link=\"http:\/\/wir-von-der-kennedy.de\/wirvonderkennedyfinal\/whatsapp-image-2022-07-08-at-18-07-27\/\" class=\"wp-image-13103\" srcset=\"https:\/\/wir-von-der-kennedy.de\/wirvonderkennedyfinal\/wp-content\/uploads\/2022\/07\/WhatsApp-Image-2022-07-08-at-18.07.27-1024x768.jpeg 1024w, https:\/\/wir-von-der-kennedy.de\/wirvonderkennedyfinal\/wp-content\/uploads\/2022\/07\/WhatsApp-Image-2022-07-08-at-18.07.27-300x225.jpeg 300w, https:\/\/wir-von-der-kennedy.de\/wirvonderkennedyfinal\/wp-content\/uploads\/2022\/07\/WhatsApp-Image-2022-07-08-at-18.07.27-768x576.jpeg 768w, https:\/\/wir-von-der-kennedy.de\/wirvonderkennedyfinal\/wp-content\/uploads\/2022\/07\/WhatsApp-Image-2022-07-08-at-18.07.27-1536x1152.jpeg 1536w, https:\/\/wir-von-der-kennedy.de\/wirvonderkennedyfinal\/wp-content\/uploads\/2022\/07\/WhatsApp-Image-2022-07-08-at-18.07.27-400x300.jpeg 400w, https:\/\/wir-von-der-kennedy.de\/wirvonderkennedyfinal\/wp-content\/uploads\/2022\/07\/WhatsApp-Image-2022-07-08-at-18.07.27.jpeg 2048w\" sizes=\"auto, (max-width: 1024px) 100vw, 1024px\" \/><\/a><\/figure><\/li><\/ul><\/figure>\n\n\n\n<p class=\"wp-block-paragraph\"><em>Astrid Logisch<\/em><\/p>\n","protected":false},"excerpt":{"rendered":"<p>Die beiden Klassen 10a und b waren mit ihren Klassenlehrerinnen Astrid Logisch und Petra Ulrich in letzter Zeit viel unterwegs: &#8222;Kaum waren wir von unserer Abschlussfahrt an die Ostsee zur\u00fcck, kamen ja vier Wochen sp\u00e4ter die Abschlusspr\u00fcfungen, die alle gut \u00fcberstanden haben.Und dann ging es los:Am 15.06. haben wir gemeinsam mit der 10b die Gedenkst\u00e4tte&#8230; <\/p>\n<div class=\"clear\"><\/div>\n<p><a href=\"https:\/\/wir-von-der-kennedy.de\/wirvonderkennedyfinal\/staendig-auf-achse-die-abschlussklassen-10-a-und-10-b\/\" class=\"gdlr-info-font excerpt-read-more\">Read More<\/a><\/p>\n","protected":false},"author":2,"featured_media":0,"comment_status":"closed","ping_status":"closed","sticky":false,"template":"","format":"standard","meta":{"_crdt_document":"","footnotes":""},"categories":[1],"tags":[],"class_list":["post-13104","post","type-post","status-publish","format-standard","hentry","category-allgemein"],"_links":{"self":[{"href":"https:\/\/wir-von-der-kennedy.de\/wirvonderkennedyfinal\/wp-json\/wp\/v2\/posts\/13104","targetHints":{"allow":["GET"]}}],"collection":[{"href":"https:\/\/wir-von-der-kennedy.de\/wirvonderkennedyfinal\/wp-json\/wp\/v2\/posts"}],"about":[{"href":"https:\/\/wir-von-der-kennedy.de\/wirvonderkennedyfinal\/wp-json\/wp\/v2\/types\/post"}],"author":[{"embeddable":true,"href":"https:\/\/wir-von-der-kennedy.de\/wirvonderkennedyfinal\/wp-json\/wp\/v2\/users\/2"}],"replies":[{"embeddable":true,"href":"https:\/\/wir-von-der-kennedy.de\/wirvonderkennedyfinal\/wp-json\/wp\/v2\/comments?post=13104"}],"version-history":[{"count":6,"href":"https:\/\/wir-von-der-kennedy.de\/wirvonderkennedyfinal\/wp-json\/wp\/v2\/posts\/13104\/revisions"}],"predecessor-version":[{"id":13110,"href":"https:\/\/wir-von-der-kennedy.de\/wirvonderkennedyfinal\/wp-json\/wp\/v2\/posts\/13104\/revisions\/13110"}],"wp:attachment":[{"href":"https:\/\/wir-von-der-kennedy.de\/wirvonderkennedyfinal\/wp-json\/wp\/v2\/media?parent=13104"}],"wp:term":[{"taxonomy":"category","embeddable":true,"href":"https:\/\/wir-von-der-kennedy.de\/wirvonderkennedyfinal\/wp-json\/wp\/v2\/categories?post=13104"},{"taxonomy":"post_tag","embeddable":true,"href":"https:\/\/wir-von-der-kennedy.de\/wirvonderkennedyfinal\/wp-json\/wp\/v2\/tags?post=13104"}],"curies":[{"name":"wp","href":"https:\/\/api.w.org\/{rel}","templated":true}]}}