{"id":13614,"date":"2023-01-16T14:27:49","date_gmt":"2023-01-16T13:27:49","guid":{"rendered":"http:\/\/wir-von-der-kennedy.de\/wirvonderkennedyfinal\/?p=13614"},"modified":"2023-01-19T18:12:56","modified_gmt":"2023-01-19T17:12:56","slug":"blaue-flecken-und-crepes-am-ersten-schultag","status":"publish","type":"post","link":"https:\/\/wir-von-der-kennedy.de\/wirvonderkennedyfinal\/blaue-flecken-und-crepes-am-ersten-schultag\/","title":{"rendered":"Blaue Flecken und Cr\u00eapes am ersten Schultag: Die 9b wagt sich aufs Eis!"},"content":{"rendered":"\r\n<p class=\"wp-block-paragraph\">Am 09.01.2023, also gleich am ersten Schultag des neuen Jahres, hat die Klasse 9bR mit ihrem Klassenlehrer Martin Wolfsholz einen Ausflug in die Frankfurter Eissporthalle gemacht. Um 9:00 Uhr hat sich die Klasse am Bad Vilbeler Bahnhof getroffen, um gemeinsam dorthin zu fahren. Dort angekommen, wurde der Eintritt (4,50 \u20ac) bezahlt und Schlittschuhe ausgeliehen (3,50 \u20ac). Dann konnte es endlich auf das Eis gehen.<\/p>\r\n\r\n\r\n\r\n<p class=\"wp-block-paragraph\">W\u00e4hrend andere schon munter auf das Eis gingen, brauchte der ein oder andere noch etwas Mut und Unterst\u00fctzung. Das hatte sich dank der hilfsbereiten Mitsch\u00fcler\/innen schnell geregelt. Einige Mitsch\u00fcler konnten auch schon etwas professionellere Figuren ausf\u00fchren. F\u00fcr Verpflegung war auch gesorgt, entweder brachte man sich etwas mit, ging zur Cr\u00eaperie oder zum Imbiss. Nach kurzer Zeit hatte die 9bR den Au\u00dfenbereich unsicher gemacht, wobei das Wetter ab und zu nicht mitspielen wollte. Die Trib\u00fcnen luden zwischenzeitlich zum Verweilen und Faulenzen ein. Hin und wieder gab es ein paar kleinere Zusammenst\u00f6\u00dfe, die leichte blaue Flecken verursachten. Gegen Nachmittag packte die Klasse wieder zusammen und verlie\u00df mit Freude die Eissporthalle. F\u00fcr alle Anwesenden war es ein sch\u00f6ner Ausflug.<\/p>\r\n\r\n\r\n\r\n<p class=\"wp-block-paragraph\"><em>Philipp Herzberger, MM, BeCi<\/em><\/p>\r\n\r\n\r\n\r\n<figure class=\"wp-block-gallery has-nested-images columns-default is-cropped wp-block-gallery-1 is-layout-flex wp-block-gallery-is-layout-flex\">\r\n<figure class=\"wp-block-image size-large\"><a href=\"http:\/\/wir-von-der-kennedy.de\/wirvonderkennedyfinal\/wp-content\/uploads\/2023\/01\/Eissporthalle-2-scaled.jpg\"><img loading=\"lazy\" decoding=\"async\" width=\"1024\" height=\"683\" data-id=\"13586\" class=\"wp-image-13586\" src=\"http:\/\/wir-von-der-kennedy.de\/wirvonderkennedyfinal\/wp-content\/uploads\/2023\/01\/Eissporthalle-2-1024x683.jpg\" alt=\"\" srcset=\"https:\/\/wir-von-der-kennedy.de\/wirvonderkennedyfinal\/wp-content\/uploads\/2023\/01\/Eissporthalle-2-1024x683.jpg 1024w, https:\/\/wir-von-der-kennedy.de\/wirvonderkennedyfinal\/wp-content\/uploads\/2023\/01\/Eissporthalle-2-300x200.jpg 300w, https:\/\/wir-von-der-kennedy.de\/wirvonderkennedyfinal\/wp-content\/uploads\/2023\/01\/Eissporthalle-2-768x512.jpg 768w, https:\/\/wir-von-der-kennedy.de\/wirvonderkennedyfinal\/wp-content\/uploads\/2023\/01\/Eissporthalle-2-1536x1024.jpg 1536w, https:\/\/wir-von-der-kennedy.de\/wirvonderkennedyfinal\/wp-content\/uploads\/2023\/01\/Eissporthalle-2-2048x1365.jpg 2048w\" sizes=\"auto, (max-width: 1024px) 100vw, 1024px\" \/><\/a><\/figure>\r\n\r\n\r\n\r\n<figure class=\"wp-block-image size-large\"><a href=\"http:\/\/wir-von-der-kennedy.de\/wirvonderkennedyfinal\/wp-content\/uploads\/2023\/01\/Eissporthalle-8-scaled.jpg\"><img loading=\"lazy\" decoding=\"async\" width=\"1024\" height=\"682\" data-id=\"13592\" class=\"wp-image-13592\" src=\"http:\/\/wir-von-der-kennedy.de\/wirvonderkennedyfinal\/wp-content\/uploads\/2023\/01\/Eissporthalle-8-1024x682.jpg\" alt=\"\" srcset=\"https:\/\/wir-von-der-kennedy.de\/wirvonderkennedyfinal\/wp-content\/uploads\/2023\/01\/Eissporthalle-8-1024x682.jpg 1024w, https:\/\/wir-von-der-kennedy.de\/wirvonderkennedyfinal\/wp-content\/uploads\/2023\/01\/Eissporthalle-8-300x200.jpg 300w, https:\/\/wir-von-der-kennedy.de\/wirvonderkennedyfinal\/wp-content\/uploads\/2023\/01\/Eissporthalle-8-768x512.jpg 768w, https:\/\/wir-von-der-kennedy.de\/wirvonderkennedyfinal\/wp-content\/uploads\/2023\/01\/Eissporthalle-8-1536x1024.jpg 1536w, https:\/\/wir-von-der-kennedy.de\/wirvonderkennedyfinal\/wp-content\/uploads\/2023\/01\/Eissporthalle-8-2048x1365.jpg 2048w\" sizes=\"auto, (max-width: 1024px) 100vw, 1024px\" \/><\/a><\/figure>\r\n\r\n\r\n\r\n<figure class=\"wp-block-image size-large\"><a href=\"http:\/\/wir-von-der-kennedy.de\/wirvonderkennedyfinal\/wp-content\/uploads\/2023\/01\/Eissporthalle-10-scaled.jpg\"><img loading=\"lazy\" decoding=\"async\" width=\"1024\" height=\"683\" data-id=\"13594\" class=\"wp-image-13594\" src=\"http:\/\/wir-von-der-kennedy.de\/wirvonderkennedyfinal\/wp-content\/uploads\/2023\/01\/Eissporthalle-10-1024x683.jpg\" alt=\"\" srcset=\"https:\/\/wir-von-der-kennedy.de\/wirvonderkennedyfinal\/wp-content\/uploads\/2023\/01\/Eissporthalle-10-1024x683.jpg 1024w, https:\/\/wir-von-der-kennedy.de\/wirvonderkennedyfinal\/wp-content\/uploads\/2023\/01\/Eissporthalle-10-300x200.jpg 300w, https:\/\/wir-von-der-kennedy.de\/wirvonderkennedyfinal\/wp-content\/uploads\/2023\/01\/Eissporthalle-10-768x512.jpg 768w, https:\/\/wir-von-der-kennedy.de\/wirvonderkennedyfinal\/wp-content\/uploads\/2023\/01\/Eissporthalle-10-1536x1024.jpg 1536w, https:\/\/wir-von-der-kennedy.de\/wirvonderkennedyfinal\/wp-content\/uploads\/2023\/01\/Eissporthalle-10-2048x1365.jpg 2048w\" sizes=\"auto, (max-width: 1024px) 100vw, 1024px\" \/><\/a><\/figure>\r\n<p><a href=\"http:\/\/wir-von-der-kennedy.de\/wirvonderkennedyfinal\/schuljahr-2022-2023-1-halbjahr\/\">Mehr Fotos in der Sch\u00fclerzeitung jfk-news!<\/a><\/p>\r\n<\/figure>\r\n","protected":false},"excerpt":{"rendered":"<p>Am 09.01.2023, also gleich am ersten Schultag des neuen Jahres, hat die Klasse 9bR mit ihrem Klassenlehrer Martin Wolfsholz einen Ausflug in die Frankfurter Eissporthalle gemacht. Um 9:00 Uhr hat sich die Klasse am Bad Vilbeler Bahnhof getroffen, um gemeinsam dorthin zu fahren. Dort angekommen, wurde der Eintritt (4,50 \u20ac) bezahlt und Schlittschuhe ausgeliehen (3,50&#8230; <\/p>\n<div class=\"clear\"><\/div>\n<p><a href=\"https:\/\/wir-von-der-kennedy.de\/wirvonderkennedyfinal\/blaue-flecken-und-crepes-am-ersten-schultag\/\" class=\"gdlr-info-font excerpt-read-more\">Read More<\/a><\/p>\n","protected":false},"author":2,"featured_media":0,"comment_status":"closed","ping_status":"closed","sticky":false,"template":"","format":"standard","meta":{"_crdt_document":"","footnotes":""},"categories":[1],"tags":[],"class_list":["post-13614","post","type-post","status-publish","format-standard","hentry","category-allgemein"],"_links":{"self":[{"href":"https:\/\/wir-von-der-kennedy.de\/wirvonderkennedyfinal\/wp-json\/wp\/v2\/posts\/13614","targetHints":{"allow":["GET"]}}],"collection":[{"href":"https:\/\/wir-von-der-kennedy.de\/wirvonderkennedyfinal\/wp-json\/wp\/v2\/posts"}],"about":[{"href":"https:\/\/wir-von-der-kennedy.de\/wirvonderkennedyfinal\/wp-json\/wp\/v2\/types\/post"}],"author":[{"embeddable":true,"href":"https:\/\/wir-von-der-kennedy.de\/wirvonderkennedyfinal\/wp-json\/wp\/v2\/users\/2"}],"replies":[{"embeddable":true,"href":"https:\/\/wir-von-der-kennedy.de\/wirvonderkennedyfinal\/wp-json\/wp\/v2\/comments?post=13614"}],"version-history":[{"count":5,"href":"https:\/\/wir-von-der-kennedy.de\/wirvonderkennedyfinal\/wp-json\/wp\/v2\/posts\/13614\/revisions"}],"predecessor-version":[{"id":13637,"href":"https:\/\/wir-von-der-kennedy.de\/wirvonderkennedyfinal\/wp-json\/wp\/v2\/posts\/13614\/revisions\/13637"}],"wp:attachment":[{"href":"https:\/\/wir-von-der-kennedy.de\/wirvonderkennedyfinal\/wp-json\/wp\/v2\/media?parent=13614"}],"wp:term":[{"taxonomy":"category","embeddable":true,"href":"https:\/\/wir-von-der-kennedy.de\/wirvonderkennedyfinal\/wp-json\/wp\/v2\/categories?post=13614"},{"taxonomy":"post_tag","embeddable":true,"href":"https:\/\/wir-von-der-kennedy.de\/wirvonderkennedyfinal\/wp-json\/wp\/v2\/tags?post=13614"}],"curies":[{"name":"wp","href":"https:\/\/api.w.org\/{rel}","templated":true}]}}