{"id":13718,"date":"2023-01-28T18:31:56","date_gmt":"2023-01-28T17:31:56","guid":{"rendered":"http:\/\/wir-von-der-kennedy.de\/wirvonderkennedyfinal\/?p=13718"},"modified":"2023-02-01T19:01:50","modified_gmt":"2023-02-01T18:01:50","slug":"das-war-der-tag-der-offenen-tuer-an-der-jfk","status":"publish","type":"post","link":"https:\/\/wir-von-der-kennedy.de\/wirvonderkennedyfinal\/das-war-der-tag-der-offenen-tuer-an-der-jfk\/","title":{"rendered":"Das war der Tag der offenen T\u00fcr an der JFK!"},"content":{"rendered":"\r\n<p class=\"wp-block-paragraph\">Nach zwei Jahren, in denen der Tag der offenen T\u00fcr nur digital begangen werden konnte, bot sich am Samstag, den 28.01.2023, endlich wieder die Gelegenheit, die R\u00e4umlichkeiten der John-F.-Kennedy-Schule zu besichtigen und mit der Schulleitung, den Lehrkr\u00e4ften und auch den zahlreichen anwesenden Sch\u00fclerinnen und Sch\u00fclern ins Gespr\u00e4ch zu kommen. Viele Eltern, die sich entscheiden m\u00fcssen, ob die JFK als Haupt- und Realschule mit F\u00f6rderstufe die richtige weiterf\u00fchrende Schule f\u00fcr ihr Kind ist, sa\u00dfen um 10 Uhr in der Mensa und wurden von den beiden Mitgliedern der Schulleitung, Luzie Betz und Christian Beyersdorf, herzlich begr\u00fc\u00dft.<\/p>\r\n<p>Anschlie\u00dfend konnten Kinder und Eltern unter anderem im Biologieraum mikroskopieren, im Chemieraum mithilfe der Chromatographie einen \u201eT\u00e4ter\u201c \u00fcberf\u00fchren, den Streitschlichtern bei einem Rollenspiel zuschauen, im Fremdsprachen-Caf\u00e9 englische und franz\u00f6sische Spezialit\u00e4ten kosten, \u00fcber den 3D-Drucker in Aktion staunen, sich an N\u00e4hmaschinen ausprobieren oder in der Aula Filme \u00fcber das bunte Schulleben sehen. Turnhalle, Werkstatt und Spiel-Caf\u00e9 luden ebenfalls zum Mitmachen ein. Auch das Efzet und die Feuerwehr waren vor Ort und pr\u00e4sentierten ihre AGs, die Teil des Ganztagsunterrichts der JFK sind.\u00a0\u00a0<\/p>\r\n<p>Da Sch\u00fcler und Sch\u00fclerinnen und ihre Familien dankenswerterweise flei\u00dfig gebacken und Kuchen gespendet hatten, war auch f\u00fcr das kulinarische Wohl aller Besucher gesorgt. H\u00f6hepunkt des Tages war auf dem Schulhof nat\u00fcrlich das spektakul\u00e4re Starten der vielen Wasser-Raketen, die im Physikraum von den Kindern gebastelt worden waren. Sp\u00e4testens dabei wurde jedem klar, dass ein echter Tag der offenen T\u00fcr allemal besser als ein digitaler ist.\u00a0\u00a0<\/p>\r\n<p>Hier geht&#8217;s zur\u00a0<a href=\"http:\/\/wir-von-der-kennedy.de\/wirvonderkennedyfinal\/fotos-vom-tag-der-offenen-tuer-am-28-01-2023\/\">Bildergalerie<\/a>\u00a0vom 28. Januar 2023.<\/p>\r\n","protected":false},"excerpt":{"rendered":"<p>Nach zwei Jahren, in denen der Tag der offenen T\u00fcr nur digital begangen werden konnte, bot sich am Samstag, den 28.01.2023, endlich wieder die Gelegenheit, die R\u00e4umlichkeiten der John-F.-Kennedy-Schule zu besichtigen und mit der Schulleitung, den Lehrkr\u00e4ften und auch den zahlreichen anwesenden Sch\u00fclerinnen und Sch\u00fclern ins Gespr\u00e4ch zu kommen. Viele Eltern, die sich entscheiden m\u00fcssen,&#8230; <\/p>\n<div class=\"clear\"><\/div>\n<p><a href=\"https:\/\/wir-von-der-kennedy.de\/wirvonderkennedyfinal\/das-war-der-tag-der-offenen-tuer-an-der-jfk\/\" class=\"gdlr-info-font excerpt-read-more\">Read More<\/a><\/p>\n","protected":false},"author":2,"featured_media":0,"comment_status":"closed","ping_status":"closed","sticky":false,"template":"","format":"standard","meta":{"_crdt_document":"","footnotes":""},"categories":[1],"tags":[],"class_list":["post-13718","post","type-post","status-publish","format-standard","hentry","category-allgemein"],"_links":{"self":[{"href":"https:\/\/wir-von-der-kennedy.de\/wirvonderkennedyfinal\/wp-json\/wp\/v2\/posts\/13718","targetHints":{"allow":["GET"]}}],"collection":[{"href":"https:\/\/wir-von-der-kennedy.de\/wirvonderkennedyfinal\/wp-json\/wp\/v2\/posts"}],"about":[{"href":"https:\/\/wir-von-der-kennedy.de\/wirvonderkennedyfinal\/wp-json\/wp\/v2\/types\/post"}],"author":[{"embeddable":true,"href":"https:\/\/wir-von-der-kennedy.de\/wirvonderkennedyfinal\/wp-json\/wp\/v2\/users\/2"}],"replies":[{"embeddable":true,"href":"https:\/\/wir-von-der-kennedy.de\/wirvonderkennedyfinal\/wp-json\/wp\/v2\/comments?post=13718"}],"version-history":[{"count":6,"href":"https:\/\/wir-von-der-kennedy.de\/wirvonderkennedyfinal\/wp-json\/wp\/v2\/posts\/13718\/revisions"}],"predecessor-version":[{"id":13727,"href":"https:\/\/wir-von-der-kennedy.de\/wirvonderkennedyfinal\/wp-json\/wp\/v2\/posts\/13718\/revisions\/13727"}],"wp:attachment":[{"href":"https:\/\/wir-von-der-kennedy.de\/wirvonderkennedyfinal\/wp-json\/wp\/v2\/media?parent=13718"}],"wp:term":[{"taxonomy":"category","embeddable":true,"href":"https:\/\/wir-von-der-kennedy.de\/wirvonderkennedyfinal\/wp-json\/wp\/v2\/categories?post=13718"},{"taxonomy":"post_tag","embeddable":true,"href":"https:\/\/wir-von-der-kennedy.de\/wirvonderkennedyfinal\/wp-json\/wp\/v2\/tags?post=13718"}],"curies":[{"name":"wp","href":"https:\/\/api.w.org\/{rel}","templated":true}]}}