{"id":14301,"date":"2023-05-15T14:31:56","date_gmt":"2023-05-15T12:31:56","guid":{"rendered":"http:\/\/wir-von-der-kennedy.de\/wirvonderkennedyfinal\/?p=14301"},"modified":"2023-05-15T14:34:43","modified_gmt":"2023-05-15T12:34:43","slug":"achtklaessler-bringen-feuer-unter-kontrolle-brandschutztag-an-der-jfk","status":"publish","type":"post","link":"https:\/\/wir-von-der-kennedy.de\/wirvonderkennedyfinal\/achtklaessler-bringen-feuer-unter-kontrolle-brandschutztag-an-der-jfk\/","title":{"rendered":"Achtkl\u00e4ssler bringen Feuer unter Kontrolle: Brandschutztag an der JFK!"},"content":{"rendered":"\n<p class=\"wp-block-paragraph\"><em>Lange Zeit war es still gewesen. Die Feuerwehr geh\u00f6rt mit zum Krisenstab und durfte in und unmittelbar nach der Corona-Zeit keine Projekte in Schulen durchf\u00fchren, um eine Corona-Infektion zu vermeiden und damit einsatzf\u00e4hig zu bleiben. Umso mehr freuten wir uns dieses Jahr, das Brandschutzprojekt wieder ins Leben rufen zu k\u00f6nnen.<\/em><\/p>\n\n\n\n<p class=\"wp-block-paragraph\">Am 11.05.2023 hatte die Feuerwehr Bad Vilbel einen Einsatz an der John-F.-Kennedy-Schule. Hierbei ging es aber um die Weiterbildung der Sch\u00fclerinnen und Sch\u00fcler, bei der die Themen Feuer und L\u00f6schen im Mittelpunkt standen.<\/p>\n\n\n\n<p class=\"wp-block-paragraph\">An diesem Tag durften alle Achtkl\u00e4ssler der John-F.-Kennedy-Schule im Rahmen des Chemieunterrichts an dem Workshop der Feuerwehr Bad Vilbel teilnehmen. Hierbei wurden besonders die Gefahren eines Feuers und der richtige Einsatz von verschiedenen L\u00f6schmitteln vermittelt. Neben wichtiger Theorie wie dem Verbrennungsdreieck und dem richtigen Verhalten im Ernstfall, wurden den Sch\u00fclerinnen und Sch\u00fclern anhand von Experimenten verschiedene Brandsituationen demonstriert, die durch falsches Verhalten entstehen k\u00f6nnen.<\/p>\n\n\n\n<p class=\"wp-block-paragraph\">Nach der einst\u00fcndigen Theorie wartete auf die Sch\u00fclerinnen und Sch\u00fcler der praktische Teil des Workshops auf dem Gel\u00e4nde der Kernstadt-Feuerwehr. Zu Beginn wurde die jeweilige Klasse mit einem k\u00fcnstlich gelegten Feuer \u00fcberrumpelt. Wer hatte nun gut aufgepasst und wusste noch, was zu tun ist? Nach dem anf\u00e4nglichen Schock bekam aber jede Klasse das Feuer durch den richtigen Einsatz von Feuerl\u00f6schern unter Kontrolle. Anschlie\u00dfend durfte jeder die richtige Anwendung eines Feuerl\u00f6schers in Ruhe ausprobieren und \u00fcben. Das alles konnten die Sch\u00fclerinnen und Sch\u00fcler unter der Aufsicht von erfahrenen Feuerwehrm\u00e4nnern ausprobieren und lernen, sodass dieses Projekt ohne jede Gefahr als ein positives Erlebnis zu Ende ging.<\/p>\n\n\n\n<p class=\"wp-block-paragraph\">Die JFK bedankt sich bei allen freiwilligen Helferinnen und Helfern der Feuerwehr Bad Vilbel f\u00fcr die tolle Arbeit und das ehrenamtliche Engagement.<\/p>\n\n\n\n<figure class=\"wp-block-gallery has-nested-images columns-default is-cropped wp-block-gallery-1 is-layout-flex wp-block-gallery-is-layout-flex\">\n<figure class=\"wp-block-image size-large\"><a href=\"http:\/\/wir-von-der-kennedy.de\/wirvonderkennedyfinal\/wp-content\/uploads\/2023\/05\/Brand-1.jpg\"><img loading=\"lazy\" decoding=\"async\" width=\"581\" height=\"436\" data-id=\"14303\" src=\"http:\/\/wir-von-der-kennedy.de\/wirvonderkennedyfinal\/wp-content\/uploads\/2023\/05\/Brand-1.jpg\" alt=\"\" class=\"wp-image-14303\" srcset=\"https:\/\/wir-von-der-kennedy.de\/wirvonderkennedyfinal\/wp-content\/uploads\/2023\/05\/Brand-1.jpg 581w, https:\/\/wir-von-der-kennedy.de\/wirvonderkennedyfinal\/wp-content\/uploads\/2023\/05\/Brand-1-300x225.jpg 300w, https:\/\/wir-von-der-kennedy.de\/wirvonderkennedyfinal\/wp-content\/uploads\/2023\/05\/Brand-1-400x300.jpg 400w\" sizes=\"auto, (max-width: 581px) 100vw, 581px\" \/><\/a><\/figure>\n\n\n\n<figure class=\"wp-block-image size-large\"><a href=\"http:\/\/wir-von-der-kennedy.de\/wirvonderkennedyfinal\/wp-content\/uploads\/2023\/05\/Brand-2.jpg\"><img loading=\"lazy\" decoding=\"async\" width=\"577\" height=\"434\" data-id=\"14304\" src=\"http:\/\/wir-von-der-kennedy.de\/wirvonderkennedyfinal\/wp-content\/uploads\/2023\/05\/Brand-2.jpg\" alt=\"\" class=\"wp-image-14304\" srcset=\"https:\/\/wir-von-der-kennedy.de\/wirvonderkennedyfinal\/wp-content\/uploads\/2023\/05\/Brand-2.jpg 577w, https:\/\/wir-von-der-kennedy.de\/wirvonderkennedyfinal\/wp-content\/uploads\/2023\/05\/Brand-2-300x226.jpg 300w, https:\/\/wir-von-der-kennedy.de\/wirvonderkennedyfinal\/wp-content\/uploads\/2023\/05\/Brand-2-400x300.jpg 400w\" sizes=\"auto, (max-width: 577px) 100vw, 577px\" \/><\/a><\/figure>\n<\/figure>\n\n\n\n<p class=\"wp-block-paragraph\"><em>Alexander Koczwara<\/em><\/p>\n","protected":false},"excerpt":{"rendered":"<p>Lange Zeit war es still gewesen. Die Feuerwehr geh\u00f6rt mit zum Krisenstab und durfte in und unmittelbar nach der Corona-Zeit keine Projekte in Schulen durchf\u00fchren, um eine Corona-Infektion zu vermeiden und damit einsatzf\u00e4hig zu bleiben. Umso mehr freuten wir uns dieses Jahr, das Brandschutzprojekt wieder ins Leben rufen zu k\u00f6nnen. Am 11.05.2023 hatte die Feuerwehr&#8230; <\/p>\n<div class=\"clear\"><\/div>\n<p><a href=\"https:\/\/wir-von-der-kennedy.de\/wirvonderkennedyfinal\/achtklaessler-bringen-feuer-unter-kontrolle-brandschutztag-an-der-jfk\/\" class=\"gdlr-info-font excerpt-read-more\">Read More<\/a><\/p>\n","protected":false},"author":2,"featured_media":0,"comment_status":"closed","ping_status":"closed","sticky":false,"template":"","format":"standard","meta":{"_crdt_document":"","footnotes":""},"categories":[1],"tags":[],"class_list":["post-14301","post","type-post","status-publish","format-standard","hentry","category-allgemein"],"_links":{"self":[{"href":"https:\/\/wir-von-der-kennedy.de\/wirvonderkennedyfinal\/wp-json\/wp\/v2\/posts\/14301","targetHints":{"allow":["GET"]}}],"collection":[{"href":"https:\/\/wir-von-der-kennedy.de\/wirvonderkennedyfinal\/wp-json\/wp\/v2\/posts"}],"about":[{"href":"https:\/\/wir-von-der-kennedy.de\/wirvonderkennedyfinal\/wp-json\/wp\/v2\/types\/post"}],"author":[{"embeddable":true,"href":"https:\/\/wir-von-der-kennedy.de\/wirvonderkennedyfinal\/wp-json\/wp\/v2\/users\/2"}],"replies":[{"embeddable":true,"href":"https:\/\/wir-von-der-kennedy.de\/wirvonderkennedyfinal\/wp-json\/wp\/v2\/comments?post=14301"}],"version-history":[{"count":4,"href":"https:\/\/wir-von-der-kennedy.de\/wirvonderkennedyfinal\/wp-json\/wp\/v2\/posts\/14301\/revisions"}],"predecessor-version":[{"id":14307,"href":"https:\/\/wir-von-der-kennedy.de\/wirvonderkennedyfinal\/wp-json\/wp\/v2\/posts\/14301\/revisions\/14307"}],"wp:attachment":[{"href":"https:\/\/wir-von-der-kennedy.de\/wirvonderkennedyfinal\/wp-json\/wp\/v2\/media?parent=14301"}],"wp:term":[{"taxonomy":"category","embeddable":true,"href":"https:\/\/wir-von-der-kennedy.de\/wirvonderkennedyfinal\/wp-json\/wp\/v2\/categories?post=14301"},{"taxonomy":"post_tag","embeddable":true,"href":"https:\/\/wir-von-der-kennedy.de\/wirvonderkennedyfinal\/wp-json\/wp\/v2\/tags?post=14301"}],"curies":[{"name":"wp","href":"https:\/\/api.w.org\/{rel}","templated":true}]}}