{"id":14492,"date":"2023-07-13T14:43:51","date_gmt":"2023-07-13T12:43:51","guid":{"rendered":"http:\/\/wir-von-der-kennedy.de\/wirvonderkennedyfinal\/?p=14492"},"modified":"2023-07-15T00:15:49","modified_gmt":"2023-07-14T22:15:49","slug":"listen-fuer-die-projekttage-haengen-ab-freitag-aus","status":"publish","type":"post","link":"https:\/\/wir-von-der-kennedy.de\/wirvonderkennedyfinal\/listen-fuer-die-projekttage-haengen-ab-freitag-aus\/","title":{"rendered":"Listen f\u00fcr die Projekttage h\u00e4ngen ab Freitag aus!"},"content":{"rendered":"<p>Ab dem morgigen Freitag, den 14. Juli 2023, h\u00e4ngen die Listen f\u00fcr die beiden Projekttage (19. und 20. Juli) im Glaskasten und an den Fenstern der Aula aus. Das hei\u00dft, ihr k\u00f6nnt nachschauen, in welchem Projekt ihr gelandet seid und wo das Projekt stattfinden wird. Wir w\u00fcnschen euch viel Spa\u00df!<\/p>\n","protected":false},"excerpt":{"rendered":"<p>Ab dem morgigen Freitag, den 14. Juli 2023, h\u00e4ngen die Listen f\u00fcr die beiden Projekttage (19. und 20. Juli) im Glaskasten und an den Fenstern der Aula aus. Das hei\u00dft, ihr k\u00f6nnt nachschauen, in welchem Projekt ihr gelandet seid und wo das Projekt stattfinden wird. Wir w\u00fcnschen euch viel Spa\u00df!<\/p>\n","protected":false},"author":2,"featured_media":0,"comment_status":"closed","ping_status":"closed","sticky":false,"template":"","format":"standard","meta":{"_crdt_document":"","footnotes":""},"categories":[1],"tags":[],"class_list":["post-14492","post","type-post","status-publish","format-standard","hentry","category-allgemein"],"_links":{"self":[{"href":"https:\/\/wir-von-der-kennedy.de\/wirvonderkennedyfinal\/wp-json\/wp\/v2\/posts\/14492","targetHints":{"allow":["GET"]}}],"collection":[{"href":"https:\/\/wir-von-der-kennedy.de\/wirvonderkennedyfinal\/wp-json\/wp\/v2\/posts"}],"about":[{"href":"https:\/\/wir-von-der-kennedy.de\/wirvonderkennedyfinal\/wp-json\/wp\/v2\/types\/post"}],"author":[{"embeddable":true,"href":"https:\/\/wir-von-der-kennedy.de\/wirvonderkennedyfinal\/wp-json\/wp\/v2\/users\/2"}],"replies":[{"embeddable":true,"href":"https:\/\/wir-von-der-kennedy.de\/wirvonderkennedyfinal\/wp-json\/wp\/v2\/comments?post=14492"}],"version-history":[{"count":2,"href":"https:\/\/wir-von-der-kennedy.de\/wirvonderkennedyfinal\/wp-json\/wp\/v2\/posts\/14492\/revisions"}],"predecessor-version":[{"id":14496,"href":"https:\/\/wir-von-der-kennedy.de\/wirvonderkennedyfinal\/wp-json\/wp\/v2\/posts\/14492\/revisions\/14496"}],"wp:attachment":[{"href":"https:\/\/wir-von-der-kennedy.de\/wirvonderkennedyfinal\/wp-json\/wp\/v2\/media?parent=14492"}],"wp:term":[{"taxonomy":"category","embeddable":true,"href":"https:\/\/wir-von-der-kennedy.de\/wirvonderkennedyfinal\/wp-json\/wp\/v2\/categories?post=14492"},{"taxonomy":"post_tag","embeddable":true,"href":"https:\/\/wir-von-der-kennedy.de\/wirvonderkennedyfinal\/wp-json\/wp\/v2\/tags?post=14492"}],"curies":[{"name":"wp","href":"https:\/\/api.w.org\/{rel}","templated":true}]}}