{"id":14809,"date":"2023-11-25T00:47:31","date_gmt":"2023-11-24T23:47:31","guid":{"rendered":"https:\/\/wir-von-der-kennedy.de\/wirvonderkennedyfinal\/?p=14809"},"modified":"2023-11-25T00:53:32","modified_gmt":"2023-11-24T23:53:32","slug":"die-jfk-erhaelt-olov-guetesiegel-der-berufsorientierung","status":"publish","type":"post","link":"https:\/\/wir-von-der-kennedy.de\/wirvonderkennedyfinal\/die-jfk-erhaelt-olov-guetesiegel-der-berufsorientierung\/","title":{"rendered":"Die JFK erh\u00e4lt OloV-G\u00fctesiegel der Berufsorientierung!"},"content":{"rendered":"\r\n<p class=\"wp-block-paragraph\">Geschafft! Die John-F.-Kennedy-Schule wurde von Kultusminister Prof. Dr. Lorz mit dem G\u00fctesiegel f\u00fcr Berufs- und Studienorientierung OloV ausgezeichnet. OloV ist eine Auszeichnung f\u00fcr vorbildliche Berufsorientierung, steht f\u00fcr die Optimierung der lokalen Vermittlungsarbeit im \u00dcbergang von Schule zu Beruf und wird unter anderem durch das Hessische Kultusministerium, das Ministerium f\u00fcr Wirtschaft, Energie, Verkehr und Wohnen, der Industrie- und Handelskammer sowie der Bundesagentur f\u00fcr Arbeit unterst\u00fctzt. Am 20. Oktober 2023 nahmen Herr Maienschein, Frau Betz und Frau Asaro die Urkunde f\u00fcr die Erstzertifizierung von Kultusminister Prof Dr. R. Alexander Lorz und der Sprecherin f\u00fcr SCHULEWIRTSCHAFT D\u00e9sir\u00e9e Derin-Holzapfel im Rahmen einer Feier im Haus der Wirtschaft S\u00fcdhessen in Darmstadt entgegen.<\/p>\r\n\r\n\r\n\r\n<p class=\"wp-block-paragraph\">Ab Mai 2023 \u00fcberpr\u00fcfte ein Auditteam von Experten aus Schule und Wirtschaft, inwieweit die Schule die erforderlichen Kriterien erf\u00fcllt. Dazu geh\u00f6rten die Einsicht in das BO-Konzept der Schule, die individuelle berufliche Orientierung anhand des Berufswahlpasses und Portfolios sowie einer f\u00e4cher\u00fcbergreifenden Berufsorientierung. Es wurden Schuldokumente, Bewerbungsunterlagen, Praktikumsberichte, Unterrichtsmaterialien und Fortbildungsnachweise gesichtet, Interviews mit Sch\u00fcler*innen, Eltern, Lehrerkr\u00e4ften, Kooperationspartnern sowie der Berufsberaterin der Agentur f\u00fcr Arbeit gef\u00fchrt. Das engagierte BO-Team, bestehend aus Luzie Betz und Lena Asaro, sammelte im Vorfeld alle ben\u00f6tigten Unterlagen, aber auch das Kollegium und die Sch\u00fclerschaft unterst\u00fctzten die Vorbereitungen mit gro\u00dfem Engagement. Nach Weiterleitung an eine Jury und deren Pr\u00fcfung der Ergebnisse kam dann die endg\u00fcltige Entscheidung: Die John-F.-Kennedy-Schule erh\u00e4lt das G\u00fctesiegel!<\/p>\r\n\r\n\r\n\r\n<p class=\"wp-block-paragraph\">Die gesamte Schulgemeinde ist m\u00e4chtig stolz auf das Erreichte \u2013 aber damit noch nicht Schluss. Auch nach der Auszeichnung wird selbstverst\u00e4ndlich weiterhin intensiv an der Optimierung des Bereichs gearbeitet. Denn Schule hei\u00dft st\u00e4ndige Weiterentwicklung, damit die Sch\u00fclerinnen und Sch\u00fcler von heute bestm\u00f6glich auf die sich st\u00e4ndig ver\u00e4ndernde Gesellschaft von morgen vorbereitet werden.<\/p>\r\n<p><a href=\"https:\/\/kultusministerium.hessen.de\/presse\/kultusminister-lorz-zeichnet-30-schulen-fuer-ihre-vorbildliche-berufsorientierung-aus\">Link zur Pressemitteilung des HKM<\/a><\/p>\r\n\r\n\r\n\r\n<p class=\"wp-block-paragraph\"><em>Bez \/ Msn<\/em><\/p>\r\n\r\n\r\n\r\n<figure class=\"wp-block-gallery has-nested-images columns-default is-cropped wp-block-gallery-1 is-layout-flex wp-block-gallery-is-layout-flex\">\r\n<figure class=\"wp-block-image size-large\"><a href=\"https:\/\/wir-von-der-kennedy.de\/wirvonderkennedyfinal\/wp-content\/uploads\/2023\/11\/JFK-Guetesiegel-1141.jpg\"><img loading=\"lazy\" decoding=\"async\" width=\"1024\" height=\"683\" data-id=\"14807\" class=\"wp-image-14807\" src=\"https:\/\/wir-von-der-kennedy.de\/wirvonderkennedyfinal\/wp-content\/uploads\/2023\/11\/JFK-Guetesiegel-1141-1024x683.jpg\" alt=\"\" srcset=\"https:\/\/wir-von-der-kennedy.de\/wirvonderkennedyfinal\/wp-content\/uploads\/2023\/11\/JFK-Guetesiegel-1141-1024x683.jpg 1024w, https:\/\/wir-von-der-kennedy.de\/wirvonderkennedyfinal\/wp-content\/uploads\/2023\/11\/JFK-Guetesiegel-1141-300x200.jpg 300w, https:\/\/wir-von-der-kennedy.de\/wirvonderkennedyfinal\/wp-content\/uploads\/2023\/11\/JFK-Guetesiegel-1141-768x512.jpg 768w, https:\/\/wir-von-der-kennedy.de\/wirvonderkennedyfinal\/wp-content\/uploads\/2023\/11\/JFK-Guetesiegel-1141.jpg 1500w\" sizes=\"auto, (max-width: 1024px) 100vw, 1024px\" \/><\/a><\/figure>\r\n\r\n\r\n\r\n<figure class=\"wp-block-image size-large\"><a href=\"https:\/\/wir-von-der-kennedy.de\/wirvonderkennedyfinal\/wp-content\/uploads\/2023\/11\/JFK-Guetesiegel-1179.jpg\"><img loading=\"lazy\" decoding=\"async\" width=\"1024\" height=\"683\" data-id=\"14808\" class=\"wp-image-14808\" src=\"https:\/\/wir-von-der-kennedy.de\/wirvonderkennedyfinal\/wp-content\/uploads\/2023\/11\/JFK-Guetesiegel-1179-1024x683.jpg\" alt=\"\" srcset=\"https:\/\/wir-von-der-kennedy.de\/wirvonderkennedyfinal\/wp-content\/uploads\/2023\/11\/JFK-Guetesiegel-1179-1024x683.jpg 1024w, https:\/\/wir-von-der-kennedy.de\/wirvonderkennedyfinal\/wp-content\/uploads\/2023\/11\/JFK-Guetesiegel-1179-300x200.jpg 300w, https:\/\/wir-von-der-kennedy.de\/wirvonderkennedyfinal\/wp-content\/uploads\/2023\/11\/JFK-Guetesiegel-1179-768x512.jpg 768w, https:\/\/wir-von-der-kennedy.de\/wirvonderkennedyfinal\/wp-content\/uploads\/2023\/11\/JFK-Guetesiegel-1179.jpg 1500w\" sizes=\"auto, (max-width: 1024px) 100vw, 1024px\" \/><\/a><\/figure>\r\n\r\n\r\n\r\n<figure class=\"wp-block-image size-large\"><a href=\"https:\/\/wir-von-der-kennedy.de\/wirvonderkennedyfinal\/wp-content\/uploads\/2023\/11\/JFK-Guetesiegel-1196.jpg\"><img loading=\"lazy\" decoding=\"async\" width=\"1024\" height=\"683\" data-id=\"14803\" class=\"wp-image-14803\" src=\"https:\/\/wir-von-der-kennedy.de\/wirvonderkennedyfinal\/wp-content\/uploads\/2023\/11\/JFK-Guetesiegel-1196-1024x683.jpg\" alt=\"\" srcset=\"https:\/\/wir-von-der-kennedy.de\/wirvonderkennedyfinal\/wp-content\/uploads\/2023\/11\/JFK-Guetesiegel-1196-1024x683.jpg 1024w, https:\/\/wir-von-der-kennedy.de\/wirvonderkennedyfinal\/wp-content\/uploads\/2023\/11\/JFK-Guetesiegel-1196-300x200.jpg 300w, https:\/\/wir-von-der-kennedy.de\/wirvonderkennedyfinal\/wp-content\/uploads\/2023\/11\/JFK-Guetesiegel-1196-768x512.jpg 768w, https:\/\/wir-von-der-kennedy.de\/wirvonderkennedyfinal\/wp-content\/uploads\/2023\/11\/JFK-Guetesiegel-1196.jpg 1500w\" sizes=\"auto, (max-width: 1024px) 100vw, 1024px\" \/><\/a><\/figure>\r\n\r\n\r\n\r\n<figure class=\"wp-block-image size-large\"><a href=\"https:\/\/wir-von-der-kennedy.de\/wirvonderkennedyfinal\/wp-content\/uploads\/2023\/11\/JFK-Guetesiegel-1592.jpg\"><img loading=\"lazy\" decoding=\"async\" width=\"1024\" height=\"682\" data-id=\"14804\" class=\"wp-image-14804\" src=\"https:\/\/wir-von-der-kennedy.de\/wirvonderkennedyfinal\/wp-content\/uploads\/2023\/11\/JFK-Guetesiegel-1592-1024x682.jpg\" alt=\"\" srcset=\"https:\/\/wir-von-der-kennedy.de\/wirvonderkennedyfinal\/wp-content\/uploads\/2023\/11\/JFK-Guetesiegel-1592-1024x682.jpg 1024w, https:\/\/wir-von-der-kennedy.de\/wirvonderkennedyfinal\/wp-content\/uploads\/2023\/11\/JFK-Guetesiegel-1592-300x200.jpg 300w, https:\/\/wir-von-der-kennedy.de\/wirvonderkennedyfinal\/wp-content\/uploads\/2023\/11\/JFK-Guetesiegel-1592-768x511.jpg 768w, https:\/\/wir-von-der-kennedy.de\/wirvonderkennedyfinal\/wp-content\/uploads\/2023\/11\/JFK-Guetesiegel-1592.jpg 1500w\" sizes=\"auto, (max-width: 1024px) 100vw, 1024px\" \/><\/a><\/figure>\r\n\r\n\r\n\r\n<figure class=\"wp-block-image size-large\"><a href=\"https:\/\/wir-von-der-kennedy.de\/wirvonderkennedyfinal\/wp-content\/uploads\/2023\/11\/Olov_Guetesiegel_Beruf_und_Studien_v2_Favicon.jpg\"><img loading=\"lazy\" decoding=\"async\" width=\"512\" height=\"512\" data-id=\"14806\" class=\"wp-image-14806\" src=\"https:\/\/wir-von-der-kennedy.de\/wirvonderkennedyfinal\/wp-content\/uploads\/2023\/11\/Olov_Guetesiegel_Beruf_und_Studien_v2_Favicon.jpg\" alt=\"\" srcset=\"https:\/\/wir-von-der-kennedy.de\/wirvonderkennedyfinal\/wp-content\/uploads\/2023\/11\/Olov_Guetesiegel_Beruf_und_Studien_v2_Favicon.jpg 512w, https:\/\/wir-von-der-kennedy.de\/wirvonderkennedyfinal\/wp-content\/uploads\/2023\/11\/Olov_Guetesiegel_Beruf_und_Studien_v2_Favicon-300x300.jpg 300w, https:\/\/wir-von-der-kennedy.de\/wirvonderkennedyfinal\/wp-content\/uploads\/2023\/11\/Olov_Guetesiegel_Beruf_und_Studien_v2_Favicon-150x150.jpg 150w, https:\/\/wir-von-der-kennedy.de\/wirvonderkennedyfinal\/wp-content\/uploads\/2023\/11\/Olov_Guetesiegel_Beruf_und_Studien_v2_Favicon-400x400.jpg 400w\" sizes=\"auto, (max-width: 512px) 100vw, 512px\" \/><\/a><\/figure>\r\n\r\n\r\n\r\n<figure class=\"wp-block-image size-large\"><a href=\"https:\/\/wir-von-der-kennedy.de\/wirvonderkennedyfinal\/wp-content\/uploads\/2023\/11\/nbs_logo_v_p_CMYK_hessen.jpg\"><img loading=\"lazy\" decoding=\"async\" width=\"748\" height=\"1024\" data-id=\"14805\" class=\"wp-image-14805\" src=\"https:\/\/wir-von-der-kennedy.de\/wirvonderkennedyfinal\/wp-content\/uploads\/2023\/11\/nbs_logo_v_p_CMYK_hessen-748x1024.jpg\" alt=\"\" srcset=\"https:\/\/wir-von-der-kennedy.de\/wirvonderkennedyfinal\/wp-content\/uploads\/2023\/11\/nbs_logo_v_p_CMYK_hessen-748x1024.jpg 748w, https:\/\/wir-von-der-kennedy.de\/wirvonderkennedyfinal\/wp-content\/uploads\/2023\/11\/nbs_logo_v_p_CMYK_hessen-219x300.jpg 219w, https:\/\/wir-von-der-kennedy.de\/wirvonderkennedyfinal\/wp-content\/uploads\/2023\/11\/nbs_logo_v_p_CMYK_hessen-768x1051.jpg 768w, https:\/\/wir-von-der-kennedy.de\/wirvonderkennedyfinal\/wp-content\/uploads\/2023\/11\/nbs_logo_v_p_CMYK_hessen-1122x1536.jpg 1122w, https:\/\/wir-von-der-kennedy.de\/wirvonderkennedyfinal\/wp-content\/uploads\/2023\/11\/nbs_logo_v_p_CMYK_hessen.jpg 1370w\" sizes=\"auto, (max-width: 748px) 100vw, 748px\" \/><\/a><\/figure>\r\n<\/figure>\r\n","protected":false},"excerpt":{"rendered":"<p>Geschafft! Die John-F.-Kennedy-Schule wurde von Kultusminister Prof. Dr. Lorz mit dem G\u00fctesiegel f\u00fcr Berufs- und Studienorientierung OloV ausgezeichnet. OloV ist eine Auszeichnung f\u00fcr vorbildliche Berufsorientierung, steht f\u00fcr die Optimierung der lokalen Vermittlungsarbeit im \u00dcbergang von Schule zu Beruf und wird unter anderem durch das Hessische Kultusministerium, das Ministerium f\u00fcr Wirtschaft, Energie, Verkehr und Wohnen, der&#8230; <\/p>\n<div class=\"clear\"><\/div>\n<p><a href=\"https:\/\/wir-von-der-kennedy.de\/wirvonderkennedyfinal\/die-jfk-erhaelt-olov-guetesiegel-der-berufsorientierung\/\" class=\"gdlr-info-font excerpt-read-more\">Read More<\/a><\/p>\n","protected":false},"author":2,"featured_media":0,"comment_status":"closed","ping_status":"closed","sticky":false,"template":"","format":"standard","meta":{"_crdt_document":"","footnotes":""},"categories":[1],"tags":[],"class_list":["post-14809","post","type-post","status-publish","format-standard","hentry","category-allgemein"],"_links":{"self":[{"href":"https:\/\/wir-von-der-kennedy.de\/wirvonderkennedyfinal\/wp-json\/wp\/v2\/posts\/14809","targetHints":{"allow":["GET"]}}],"collection":[{"href":"https:\/\/wir-von-der-kennedy.de\/wirvonderkennedyfinal\/wp-json\/wp\/v2\/posts"}],"about":[{"href":"https:\/\/wir-von-der-kennedy.de\/wirvonderkennedyfinal\/wp-json\/wp\/v2\/types\/post"}],"author":[{"embeddable":true,"href":"https:\/\/wir-von-der-kennedy.de\/wirvonderkennedyfinal\/wp-json\/wp\/v2\/users\/2"}],"replies":[{"embeddable":true,"href":"https:\/\/wir-von-der-kennedy.de\/wirvonderkennedyfinal\/wp-json\/wp\/v2\/comments?post=14809"}],"version-history":[{"count":5,"href":"https:\/\/wir-von-der-kennedy.de\/wirvonderkennedyfinal\/wp-json\/wp\/v2\/posts\/14809\/revisions"}],"predecessor-version":[{"id":14814,"href":"https:\/\/wir-von-der-kennedy.de\/wirvonderkennedyfinal\/wp-json\/wp\/v2\/posts\/14809\/revisions\/14814"}],"wp:attachment":[{"href":"https:\/\/wir-von-der-kennedy.de\/wirvonderkennedyfinal\/wp-json\/wp\/v2\/media?parent=14809"}],"wp:term":[{"taxonomy":"category","embeddable":true,"href":"https:\/\/wir-von-der-kennedy.de\/wirvonderkennedyfinal\/wp-json\/wp\/v2\/categories?post=14809"},{"taxonomy":"post_tag","embeddable":true,"href":"https:\/\/wir-von-der-kennedy.de\/wirvonderkennedyfinal\/wp-json\/wp\/v2\/tags?post=14809"}],"curies":[{"name":"wp","href":"https:\/\/api.w.org\/{rel}","templated":true}]}}