{"id":14934,"date":"2024-01-16T17:32:27","date_gmt":"2024-01-16T16:32:27","guid":{"rendered":"https:\/\/wir-von-der-kennedy.de\/wirvonderkennedyfinal\/?p=14934"},"modified":"2024-01-16T17:32:27","modified_gmt":"2024-01-16T16:32:27","slug":"kein-praesenzunterricht-am-mittwoch-den-17-januar-2024","status":"publish","type":"post","link":"https:\/\/wir-von-der-kennedy.de\/wirvonderkennedyfinal\/kein-praesenzunterricht-am-mittwoch-den-17-januar-2024\/","title":{"rendered":"Kein Pr\u00e4senzunterricht am Mittwoch, den 17. Januar 2024!"},"content":{"rendered":"<p class=\"yiv6041241207MsoNormal\"><span style=\"color: #000000;\">Liebe Sch\u00fcler*innen, liebe Eltern,<\/span><\/p>\n<p class=\"yiv6041241207MsoNormal\"><span style=\"color: #000000;\">aufgrund des f\u00fcr morgen Vormittag durch den Deutschen Wetterdienst angek\u00fcndigten Schnee- und Eisregen findet morgen (Mittwoch, 17.01.2024)\u00a0<b><u>kein<\/u>\u00a0Pr\u00e4senzunterricht<\/b>\u00a0f\u00fcr Sch\u00fcler*innen und Lehrkr\u00e4fte der John-F.-Kennedy-Schule statt. Der Unterricht wird im\u00a0<b>Distanzunterricht<\/b>\u00a0erteilt.<\/span><\/p>\n<p class=\"yiv6041241207MsoNormal\"><span style=\"color: #000000;\">Zudem wird eine\u00a0<b>Notbetreuung<\/b>\u00a0angeboten. Sch\u00fcler*innen, die zur Schule kommen, sammeln sich zu Beginn der 1. Stunde in der Aula. Die Notbetreuung sollte aber nur im absoluten Notfall in Anspruch genommen werden.<\/span><\/p>\n<p class=\"yiv6041241207MsoNormal\"><span style=\"color: #000000;\">Bitte behalten Sie die Situation im Blick und passen auf sich auf.<\/span><\/p>\n<p class=\"yiv6041241207MsoNormal\"><span style=\"color: #000000;\">Da der Deutsche Wetterdienst bereits jetzt auch vor starkem Eisregen am\u00a0<b>Donnerstagmorgen<\/b>\u00a0warnt, werden wir Sie im Laufe des morgigen Tages informieren, in welcher Form der Unterricht am Donnerstag stattfinden wird.\u00a0<\/span><\/p>\n<p><a href=\"https:\/\/kultusministerium.hessen.de\/schulbetrieb-bei-extremen-wetterlagen-0\">https:\/\/kultusministerium.hessen.de\/schulbetrieb-bei-extremen-wetterlagen-0<\/a><\/p>\n<p><span style=\"color: #000000;\"><span style=\"font-family: arial, sans-serif; font-size: large;\">Mit freun<\/span><span style=\"font-family: arial, sans-serif;\">dlichen Gr\u00fc\u00dfen<\/span><\/span><\/p>\n<div class=\"yiv6041241207gmail_signature\" dir=\"ltr\">\n<div dir=\"ltr\">\n<div dir=\"ltr\">\n<div><span style=\"color: #000000; font-family: arial, sans-serif; font-size: large;\"><strong>Luzie Betz<\/strong><\/span><\/div>\n<div><span style=\"color: #000000; font-family: arial, sans-serif; font-size: small;\">Stellvertretende Schulleiterin<\/span><\/div>\n<\/div>\n<\/div>\n<\/div>\n","protected":false},"excerpt":{"rendered":"<p>Liebe Sch\u00fcler*innen, liebe Eltern, aufgrund des f\u00fcr morgen Vormittag durch den Deutschen Wetterdienst angek\u00fcndigten Schnee- und Eisregen findet morgen (Mittwoch, 17.01.2024)\u00a0kein\u00a0Pr\u00e4senzunterricht\u00a0f\u00fcr Sch\u00fcler*innen und Lehrkr\u00e4fte der John-F.-Kennedy-Schule statt. Der Unterricht wird im\u00a0Distanzunterricht\u00a0erteilt. Zudem wird eine\u00a0Notbetreuung\u00a0angeboten. Sch\u00fcler*innen, die zur Schule kommen, sammeln sich zu Beginn der 1. Stunde in der Aula. Die Notbetreuung sollte aber nur im&#8230; <\/p>\n<div class=\"clear\"><\/div>\n<p><a href=\"https:\/\/wir-von-der-kennedy.de\/wirvonderkennedyfinal\/kein-praesenzunterricht-am-mittwoch-den-17-januar-2024\/\" class=\"gdlr-info-font excerpt-read-more\">Read More<\/a><\/p>\n","protected":false},"author":2,"featured_media":0,"comment_status":"closed","ping_status":"closed","sticky":false,"template":"","format":"standard","meta":{"_crdt_document":"","footnotes":""},"categories":[1],"tags":[],"class_list":["post-14934","post","type-post","status-publish","format-standard","hentry","category-allgemein"],"_links":{"self":[{"href":"https:\/\/wir-von-der-kennedy.de\/wirvonderkennedyfinal\/wp-json\/wp\/v2\/posts\/14934","targetHints":{"allow":["GET"]}}],"collection":[{"href":"https:\/\/wir-von-der-kennedy.de\/wirvonderkennedyfinal\/wp-json\/wp\/v2\/posts"}],"about":[{"href":"https:\/\/wir-von-der-kennedy.de\/wirvonderkennedyfinal\/wp-json\/wp\/v2\/types\/post"}],"author":[{"embeddable":true,"href":"https:\/\/wir-von-der-kennedy.de\/wirvonderkennedyfinal\/wp-json\/wp\/v2\/users\/2"}],"replies":[{"embeddable":true,"href":"https:\/\/wir-von-der-kennedy.de\/wirvonderkennedyfinal\/wp-json\/wp\/v2\/comments?post=14934"}],"version-history":[{"count":1,"href":"https:\/\/wir-von-der-kennedy.de\/wirvonderkennedyfinal\/wp-json\/wp\/v2\/posts\/14934\/revisions"}],"predecessor-version":[{"id":14935,"href":"https:\/\/wir-von-der-kennedy.de\/wirvonderkennedyfinal\/wp-json\/wp\/v2\/posts\/14934\/revisions\/14935"}],"wp:attachment":[{"href":"https:\/\/wir-von-der-kennedy.de\/wirvonderkennedyfinal\/wp-json\/wp\/v2\/media?parent=14934"}],"wp:term":[{"taxonomy":"category","embeddable":true,"href":"https:\/\/wir-von-der-kennedy.de\/wirvonderkennedyfinal\/wp-json\/wp\/v2\/categories?post=14934"},{"taxonomy":"post_tag","embeddable":true,"href":"https:\/\/wir-von-der-kennedy.de\/wirvonderkennedyfinal\/wp-json\/wp\/v2\/tags?post=14934"}],"curies":[{"name":"wp","href":"https:\/\/api.w.org\/{rel}","templated":true}]}}