{"id":15020,"date":"2024-02-26T19:28:39","date_gmt":"2024-02-26T18:28:39","guid":{"rendered":"https:\/\/wir-von-der-kennedy.de\/wirvonderkennedyfinal\/?p=15020"},"modified":"2024-02-26T19:29:37","modified_gmt":"2024-02-26T18:29:37","slug":"die-zirkuswoche-hat-begonnen-es-gibt-noch-tickets-fuer-die-auffuehrungen","status":"publish","type":"post","link":"https:\/\/wir-von-der-kennedy.de\/wirvonderkennedyfinal\/die-zirkuswoche-hat-begonnen-es-gibt-noch-tickets-fuer-die-auffuehrungen\/","title":{"rendered":"Die Zirkuswoche hat begonnen: Es gibt noch Tickets f\u00fcr die Auff\u00fchrungen!"},"content":{"rendered":"\n<p class=\"wp-block-paragraph\">Am Donnerstag und am Freitag finden die Zirkus-Auff\u00fchrungen mit den Sch\u00fclerinnen und Sch\u00fclern der John-F.-Kennedy-Schule statt. Lassen Sie sich das nicht entgehen! Tickets sind noch zu haben. Erh\u00e4ltlich im Sekretariat oder ganz einfach an der Zirkus-Kasse. <\/p>\n\n\n\n<p class=\"wp-block-paragraph\">Auff\u00fchrungen: <br>Donnerstag, 29.02.2024, 15 Uhr<br>Donnerstag, 29.02.2024, 19 Uhr<br>Freitag, 01.03.2024, 16 Uhr<br><\/p>\n\n\n\n<figure class=\"wp-block-image size-large\"><a href=\"https:\/\/wir-von-der-kennedy.de\/wirvonderkennedyfinal\/wp-content\/uploads\/2024\/02\/Image-1.jpg\"><img loading=\"lazy\" decoding=\"async\" width=\"530\" height=\"1024\" src=\"https:\/\/wir-von-der-kennedy.de\/wirvonderkennedyfinal\/wp-content\/uploads\/2024\/02\/Image-1-530x1024.jpg\" alt=\"\" class=\"wp-image-15023\" srcset=\"https:\/\/wir-von-der-kennedy.de\/wirvonderkennedyfinal\/wp-content\/uploads\/2024\/02\/Image-1-530x1024.jpg 530w, https:\/\/wir-von-der-kennedy.de\/wirvonderkennedyfinal\/wp-content\/uploads\/2024\/02\/Image-1-155x300.jpg 155w, https:\/\/wir-von-der-kennedy.de\/wirvonderkennedyfinal\/wp-content\/uploads\/2024\/02\/Image-1-768x1485.jpg 768w, https:\/\/wir-von-der-kennedy.de\/wirvonderkennedyfinal\/wp-content\/uploads\/2024\/02\/Image-1-794x1536.jpg 794w, https:\/\/wir-von-der-kennedy.de\/wirvonderkennedyfinal\/wp-content\/uploads\/2024\/02\/Image-1.jpg 1059w\" sizes=\"auto, (max-width: 530px) 100vw, 530px\" \/><\/a><\/figure>\n","protected":false},"excerpt":{"rendered":"<p>Am Donnerstag und am Freitag finden die Zirkus-Auff\u00fchrungen mit den Sch\u00fclerinnen und Sch\u00fclern der John-F.-Kennedy-Schule statt. Lassen Sie sich das nicht entgehen! Tickets sind noch zu haben. Erh\u00e4ltlich im Sekretariat oder ganz einfach an der Zirkus-Kasse. Auff\u00fchrungen: Donnerstag, 29.02.2024, 15 UhrDonnerstag, 29.02.2024, 19 UhrFreitag, 01.03.2024, 16 Uhr<\/p>\n","protected":false},"author":2,"featured_media":0,"comment_status":"closed","ping_status":"closed","sticky":false,"template":"","format":"standard","meta":{"_crdt_document":"","footnotes":""},"categories":[1],"tags":[],"class_list":["post-15020","post","type-post","status-publish","format-standard","hentry","category-allgemein"],"_links":{"self":[{"href":"https:\/\/wir-von-der-kennedy.de\/wirvonderkennedyfinal\/wp-json\/wp\/v2\/posts\/15020","targetHints":{"allow":["GET"]}}],"collection":[{"href":"https:\/\/wir-von-der-kennedy.de\/wirvonderkennedyfinal\/wp-json\/wp\/v2\/posts"}],"about":[{"href":"https:\/\/wir-von-der-kennedy.de\/wirvonderkennedyfinal\/wp-json\/wp\/v2\/types\/post"}],"author":[{"embeddable":true,"href":"https:\/\/wir-von-der-kennedy.de\/wirvonderkennedyfinal\/wp-json\/wp\/v2\/users\/2"}],"replies":[{"embeddable":true,"href":"https:\/\/wir-von-der-kennedy.de\/wirvonderkennedyfinal\/wp-json\/wp\/v2\/comments?post=15020"}],"version-history":[{"count":3,"href":"https:\/\/wir-von-der-kennedy.de\/wirvonderkennedyfinal\/wp-json\/wp\/v2\/posts\/15020\/revisions"}],"predecessor-version":[{"id":15024,"href":"https:\/\/wir-von-der-kennedy.de\/wirvonderkennedyfinal\/wp-json\/wp\/v2\/posts\/15020\/revisions\/15024"}],"wp:attachment":[{"href":"https:\/\/wir-von-der-kennedy.de\/wirvonderkennedyfinal\/wp-json\/wp\/v2\/media?parent=15020"}],"wp:term":[{"taxonomy":"category","embeddable":true,"href":"https:\/\/wir-von-der-kennedy.de\/wirvonderkennedyfinal\/wp-json\/wp\/v2\/categories?post=15020"},{"taxonomy":"post_tag","embeddable":true,"href":"https:\/\/wir-von-der-kennedy.de\/wirvonderkennedyfinal\/wp-json\/wp\/v2\/tags?post=15020"}],"curies":[{"name":"wp","href":"https:\/\/api.w.org\/{rel}","templated":true}]}}