{"id":15058,"date":"2024-02-28T19:46:23","date_gmt":"2024-02-28T18:46:23","guid":{"rendered":"https:\/\/wir-von-der-kennedy.de\/wirvonderkennedyfinal\/?p=15058"},"modified":"2024-03-04T18:27:50","modified_gmt":"2024-03-04T17:27:50","slug":"das-zirkus-fotoalbum-der-jfk","status":"publish","type":"post","link":"https:\/\/wir-von-der-kennedy.de\/wirvonderkennedyfinal\/das-zirkus-fotoalbum-der-jfk\/","title":{"rendered":"Update! Das Zirkus-Fotoalbum der JFK: Schon mehr als 300 Bilder!"},"content":{"rendered":"\n<p class=\"wp-block-paragraph\">In der Woche vom 26.02 bis zum 01.03.2024 werden die Matheb\u00fccher und Erdkunde-Ordner mal beiseite gelegt. Stattdessen geht es f\u00fcr die Sch\u00fclerinnen und Sch\u00fcler der Jahrgangsstufen 5 bis 7 ab in die Manege des Zirkus &#8222;Rondel&#8220;: Es wird jongliert, gezaubert und gro\u00dfe Akrobatik gezeigt.\u00a0<a href=\"https:\/\/wir-von-der-kennedy.de\/wirvonderkennedyfinal\/das-zirkus-fotoalbum-der-jfk-2024\/\">Hier geht&#8217;s direkt zum Zirkus-Fotoalbum!<\/a><\/p>\n\n\n\n<p class=\"wp-block-paragraph\">&nbsp;<\/p>\n","protected":false},"excerpt":{"rendered":"<p>In der Woche vom 26.02 bis zum 01.03.2024 werden die Matheb\u00fccher und Erdkunde-Ordner mal beiseite gelegt. Stattdessen geht es f\u00fcr die Sch\u00fclerinnen und Sch\u00fcler der Jahrgangsstufen 5 bis 7 ab in die Manege des Zirkus &#8222;Rondel&#8220;: Es wird jongliert, gezaubert und gro\u00dfe Akrobatik gezeigt.\u00a0Hier geht&#8217;s direkt zum Zirkus-Fotoalbum! &nbsp;<\/p>\n","protected":false},"author":2,"featured_media":0,"comment_status":"closed","ping_status":"closed","sticky":false,"template":"","format":"standard","meta":{"_crdt_document":"","footnotes":""},"categories":[1],"tags":[],"class_list":["post-15058","post","type-post","status-publish","format-standard","hentry","category-allgemein"],"_links":{"self":[{"href":"https:\/\/wir-von-der-kennedy.de\/wirvonderkennedyfinal\/wp-json\/wp\/v2\/posts\/15058","targetHints":{"allow":["GET"]}}],"collection":[{"href":"https:\/\/wir-von-der-kennedy.de\/wirvonderkennedyfinal\/wp-json\/wp\/v2\/posts"}],"about":[{"href":"https:\/\/wir-von-der-kennedy.de\/wirvonderkennedyfinal\/wp-json\/wp\/v2\/types\/post"}],"author":[{"embeddable":true,"href":"https:\/\/wir-von-der-kennedy.de\/wirvonderkennedyfinal\/wp-json\/wp\/v2\/users\/2"}],"replies":[{"embeddable":true,"href":"https:\/\/wir-von-der-kennedy.de\/wirvonderkennedyfinal\/wp-json\/wp\/v2\/comments?post=15058"}],"version-history":[{"count":10,"href":"https:\/\/wir-von-der-kennedy.de\/wirvonderkennedyfinal\/wp-json\/wp\/v2\/posts\/15058\/revisions"}],"predecessor-version":[{"id":15471,"href":"https:\/\/wir-von-der-kennedy.de\/wirvonderkennedyfinal\/wp-json\/wp\/v2\/posts\/15058\/revisions\/15471"}],"wp:attachment":[{"href":"https:\/\/wir-von-der-kennedy.de\/wirvonderkennedyfinal\/wp-json\/wp\/v2\/media?parent=15058"}],"wp:term":[{"taxonomy":"category","embeddable":true,"href":"https:\/\/wir-von-der-kennedy.de\/wirvonderkennedyfinal\/wp-json\/wp\/v2\/categories?post=15058"},{"taxonomy":"post_tag","embeddable":true,"href":"https:\/\/wir-von-der-kennedy.de\/wirvonderkennedyfinal\/wp-json\/wp\/v2\/tags?post=15058"}],"curies":[{"name":"wp","href":"https:\/\/api.w.org\/{rel}","templated":true}]}}