{"id":15815,"date":"2024-07-09T14:22:14","date_gmt":"2024-07-09T12:22:14","guid":{"rendered":"https:\/\/wir-von-der-kennedy.de\/wirvonderkennedyfinal\/?p=15815"},"modified":"2024-08-29T23:55:00","modified_gmt":"2024-08-29T21:55:00","slug":"bald-sind-sommerferien","status":"publish","type":"post","link":"https:\/\/wir-von-der-kennedy.de\/wirvonderkennedyfinal\/bald-sind-sommerferien\/","title":{"rendered":"Bald sind Sommerferien: Projekttage und Abschlussfeier!"},"content":{"rendered":"\r\n<p class=\"wp-block-paragraph\">In der letzten Woche vor den Sommerferien 2024 gab es an der JFK noch zwei Projekttage. Die Projektgruppe &#8222;Doku-Time&#8220; war nicht unt\u00e4tig und hat mit Handy- und Spiegelreflexkameras so viel wie m\u00f6glich festgehalten. Das Resultat k\u00f6nnt ihr <a href=\"https:\/\/www.youtube.com\/watch?v=KMdgVQdJo5A&amp;t=225s\">hier<\/a> sehen!\u00a0<\/p>\r\n\r\n\r\n\r\n<p class=\"wp-block-paragraph\">Verabschiedet wurden bereits am letzten Freitag, den 5. Juli 2024, unsere Abschlusssch\u00fclerinnen und Abschlusssch\u00fcler. Fotos von der sch\u00f6nen Feier gibt es <a href=\"https:\/\/wir-von-der-kennedy.de\/wirvonderkennedyfinal\/abschlussfeier-am-5-juli-2024\/\">hier.<\/a><\/p>\r\n\r\n\r\n\r\n<p class=\"wp-block-paragraph\">Gr\u00fc\u00dfe zum Schuljahresende sendet uns allen auch der hessische Kultusminister Armin Schwarz in einem <a href=\"https:\/\/kultus.hessen.de\/node\/17974\/newsletter-preview\">Video.<\/a><\/p>\r\n","protected":false},"excerpt":{"rendered":"<p>In der letzten Woche vor den Sommerferien 2024 gab es an der JFK noch zwei Projekttage. Die Projektgruppe &#8222;Doku-Time&#8220; war nicht unt\u00e4tig und hat mit Handy- und Spiegelreflexkameras so viel wie m\u00f6glich festgehalten. Das Resultat k\u00f6nnt ihr hier sehen!\u00a0 Verabschiedet wurden bereits am letzten Freitag, den 5. Juli 2024, unsere Abschlusssch\u00fclerinnen und Abschlusssch\u00fcler. Fotos von&#8230; <\/p>\n<div class=\"clear\"><\/div>\n<p><a href=\"https:\/\/wir-von-der-kennedy.de\/wirvonderkennedyfinal\/bald-sind-sommerferien\/\" class=\"gdlr-info-font excerpt-read-more\">Read More<\/a><\/p>\n","protected":false},"author":2,"featured_media":0,"comment_status":"closed","ping_status":"closed","sticky":false,"template":"","format":"standard","meta":{"_crdt_document":"","footnotes":""},"categories":[1],"tags":[],"class_list":["post-15815","post","type-post","status-publish","format-standard","hentry","category-allgemein"],"_links":{"self":[{"href":"https:\/\/wir-von-der-kennedy.de\/wirvonderkennedyfinal\/wp-json\/wp\/v2\/posts\/15815","targetHints":{"allow":["GET"]}}],"collection":[{"href":"https:\/\/wir-von-der-kennedy.de\/wirvonderkennedyfinal\/wp-json\/wp\/v2\/posts"}],"about":[{"href":"https:\/\/wir-von-der-kennedy.de\/wirvonderkennedyfinal\/wp-json\/wp\/v2\/types\/post"}],"author":[{"embeddable":true,"href":"https:\/\/wir-von-der-kennedy.de\/wirvonderkennedyfinal\/wp-json\/wp\/v2\/users\/2"}],"replies":[{"embeddable":true,"href":"https:\/\/wir-von-der-kennedy.de\/wirvonderkennedyfinal\/wp-json\/wp\/v2\/comments?post=15815"}],"version-history":[{"count":5,"href":"https:\/\/wir-von-der-kennedy.de\/wirvonderkennedyfinal\/wp-json\/wp\/v2\/posts\/15815\/revisions"}],"predecessor-version":[{"id":15865,"href":"https:\/\/wir-von-der-kennedy.de\/wirvonderkennedyfinal\/wp-json\/wp\/v2\/posts\/15815\/revisions\/15865"}],"wp:attachment":[{"href":"https:\/\/wir-von-der-kennedy.de\/wirvonderkennedyfinal\/wp-json\/wp\/v2\/media?parent=15815"}],"wp:term":[{"taxonomy":"category","embeddable":true,"href":"https:\/\/wir-von-der-kennedy.de\/wirvonderkennedyfinal\/wp-json\/wp\/v2\/categories?post=15815"},{"taxonomy":"post_tag","embeddable":true,"href":"https:\/\/wir-von-der-kennedy.de\/wirvonderkennedyfinal\/wp-json\/wp\/v2\/tags?post=15815"}],"curies":[{"name":"wp","href":"https:\/\/api.w.org\/{rel}","templated":true}]}}