{"id":16094,"date":"2024-12-05T13:57:59","date_gmt":"2024-12-05T12:57:59","guid":{"rendered":"https:\/\/wir-von-der-kennedy.de\/wirvonderkennedyfinal\/?p=16094"},"modified":"2024-12-05T14:49:18","modified_gmt":"2024-12-05T13:49:18","slug":"domenik-otreba-gewinnt-den-vorlesewettbewerb-2024","status":"publish","type":"post","link":"https:\/\/wir-von-der-kennedy.de\/wirvonderkennedyfinal\/domenik-otreba-gewinnt-den-vorlesewettbewerb-2024\/","title":{"rendered":"Domenik Otreba gewinnt den Vorlesewettbewerb 2024!"},"content":{"rendered":"\n<p class=\"wp-block-paragraph\">Der Vorlesewettbewerb ist, wie jedes Jahr, ein besonderer Tag f\u00fcr Sch\u00fcler*innen der 6. Klassen. Am 29.11.2024 fand der Vorlesewettbewerb der 6. Klassen in unserer Aula statt. Auch in diesem Jahr hatte jede Klasse den ersten und zweiten Klassen-Sieger ermittelt, die mit ihrem ausgew\u00e4hlten Buch zum Wettbewerb antraten. Unterst\u00fctzt wurde der Wettbewerb dieses Jahr von den Stadtwerken Bad Vilbel, die den beiden Erstplatzierten einen Jutebeutel mit kleinen \u00dcberraschungen schenkten.<\/p>\n\n\n\n<p class=\"wp-block-paragraph\">Die Klassen-Sieger:<\/p>\n\n\n\n<p class=\"wp-block-paragraph\">aus Klasse 6aF:<br>&#8211; Jana Mohamadali mit \u201eGangsta-Oma\u201c von D. Williams<br>&#8211; Leon Brachtel mit \u201eDonnerwetter am Mount Schmeverest\u201c von K. Kern<\/p>\n\n\n\n<p class=\"wp-block-paragraph\">aus der Klasse 6bF:<br>&#8211; Cagla Ela Akin mit \u201eWir Kinder vom Bahnhof Zoo\u201c von Christiane F.<br>&#8211; Julia Bozena Szewczyk mit \u201eDie Jagd nach dem magischen Detektivkoffer\u201c von C. Stronk<\/p>\n\n\n\n<p class=\"wp-block-paragraph\">aus der Klasse 6cF: <br>&#8211; Domenik Otreba mit \u201eLahme Ente, blindes Huhn\u201c von U. Hub<br>&#8211; Natalie Nakonieczky mit \u201eDie Schule der magischen Tiere, Teil 1\u201c von M. Auer<\/p>\n\n\n\n<p class=\"wp-block-paragraph\">Beim Wettbewerb lasen die sechs Klassen-SiegerInnen jeweils drei Minuten eine ausgew\u00e4hlte Textpassage aus dem von ihnen gew\u00e4hlten Buch vor, Publikum waren alle Mitsch\u00fclerInnen der 6. Klassen.<\/p>\n\n\n\n<p class=\"wp-block-paragraph\">Die Jury bestand aus Herrn Beyersdorf, unserem F\u00f6rderstufenleiter, Herrn Di Rienzo, einem unserer Deutschlehrer, der auch dieses Jahr wieder durch die Unterst\u00fctzung seiner Technik f\u00fcr eine tolle Veranstaltung sorgte, Frau Axtmann, der B\u00fcchereileiterin, und unserer Schulsprecherin Chiara Tutus-Ierimonte.<\/p>\n\n\n\n<p class=\"wp-block-paragraph\">Grunds\u00e4tzlich ist der 2. Schulsieger des Vorjahres immer im darauffolgenden Jahr Teil der Jury, jedoch hat dieser Sch\u00fcler aufgrund eines Wohnortwechsels unsere Schule verlassen, sodass Lotte Wilmink die Jury unterst\u00fctzen durfte. Lotte belegte im letzten Jahr beim Vorlesewettbewerb auf Kreis-Ebene den 3 Platz! &nbsp;&nbsp;<\/p>\n\n\n\n<p class=\"wp-block-paragraph\">Die 6. Kl\u00e4ssler waren ein tolles Publikum, das den Vorlesern in beiden Leserunden aufmerksam zuh\u00f6rte.<\/p>\n\n\n\n<p class=\"wp-block-paragraph\">Den Jurymitgliedern fiel die Beurteilung nach der ersten Leserunde nicht leicht, sodass sich drei Sch\u00fcler*innen f\u00fcr die zweite Runde des Wettbewerbes qualifizierten, in der sie zwei Minuten einen Text aus einem fremden Buch vorlesen mussten. Ich hatte das Buch \u201eLuzifer junior \u2013 Zu gut f\u00fcr die H\u00f6lle\u201c von J. Till gew\u00e4hlt. Anfang November nahmen die 5. und 6. Klassen an einer Autorenlesung von J. Till in der Stadtbibliothek Bad Vilbel teil, in der er sehr lebendig aus diesem Buch vorlas.<\/p>\n\n\n\n<p class=\"wp-block-paragraph\">Nach dem Durchgang legte die Jury die Siegerpl\u00e4tze fest. Erstmals in diesem Jahr gab es drei Siegerpl\u00e4tze.<\/p>\n\n\n\n<p class=\"wp-block-paragraph\">Hier sind unsere SiegerInnen:<br>Platz 1: Domenik Otreba<br>Platz 2: Natalie Nakonieczky<br>Platz 3: Jana Mohamadali<\/p>\n\n\n\n<p class=\"wp-block-paragraph\">Ich gratuliere allen Vorlesern zu ihrem Sieg und w\u00fcnsche Domenik viel Gl\u00fcck beim Wettbewerb auf Kreisebene im Fr\u00fchjahr 2025.<\/p>\n\n\n\n<p class=\"wp-block-paragraph\"><em>Petra Axtmann<\/em><br><em>Sch\u00fcler-B\u00fccherei<\/em><\/p>\n\n\n\n<figure class=\"wp-block-gallery has-nested-images columns-default is-cropped wp-block-gallery-1 is-layout-flex wp-block-gallery-is-layout-flex\">\n<figure class=\"wp-block-image size-large\"><a href=\"https:\/\/wir-von-der-kennedy.de\/wirvonderkennedyfinal\/wp-content\/uploads\/2024\/12\/Vorlesewettbewerb-2024.jpg\"><img loading=\"lazy\" decoding=\"async\" width=\"1024\" height=\"630\" data-id=\"16093\" src=\"https:\/\/wir-von-der-kennedy.de\/wirvonderkennedyfinal\/wp-content\/uploads\/2024\/12\/Vorlesewettbewerb-2024-1024x630.jpg\" alt=\"\" class=\"wp-image-16093\" srcset=\"https:\/\/wir-von-der-kennedy.de\/wirvonderkennedyfinal\/wp-content\/uploads\/2024\/12\/Vorlesewettbewerb-2024-1024x630.jpg 1024w, https:\/\/wir-von-der-kennedy.de\/wirvonderkennedyfinal\/wp-content\/uploads\/2024\/12\/Vorlesewettbewerb-2024-300x184.jpg 300w, https:\/\/wir-von-der-kennedy.de\/wirvonderkennedyfinal\/wp-content\/uploads\/2024\/12\/Vorlesewettbewerb-2024-768x472.jpg 768w, https:\/\/wir-von-der-kennedy.de\/wirvonderkennedyfinal\/wp-content\/uploads\/2024\/12\/Vorlesewettbewerb-2024-1536x944.jpg 1536w, https:\/\/wir-von-der-kennedy.de\/wirvonderkennedyfinal\/wp-content\/uploads\/2024\/12\/Vorlesewettbewerb-2024.jpg 2048w\" sizes=\"auto, (max-width: 1024px) 100vw, 1024px\" \/><\/a><\/figure>\n\n\n\n<figure class=\"wp-block-image size-large\"><a href=\"https:\/\/wir-von-der-kennedy.de\/wirvonderkennedyfinal\/wp-content\/uploads\/2024\/12\/Stadt-Bad-Vilbel-Lesewettbewerb-2024.png\"><img loading=\"lazy\" decoding=\"async\" width=\"938\" height=\"897\" data-id=\"16092\" src=\"https:\/\/wir-von-der-kennedy.de\/wirvonderkennedyfinal\/wp-content\/uploads\/2024\/12\/Stadt-Bad-Vilbel-Lesewettbewerb-2024.png\" alt=\"\" class=\"wp-image-16092\" srcset=\"https:\/\/wir-von-der-kennedy.de\/wirvonderkennedyfinal\/wp-content\/uploads\/2024\/12\/Stadt-Bad-Vilbel-Lesewettbewerb-2024.png 938w, https:\/\/wir-von-der-kennedy.de\/wirvonderkennedyfinal\/wp-content\/uploads\/2024\/12\/Stadt-Bad-Vilbel-Lesewettbewerb-2024-300x287.png 300w, https:\/\/wir-von-der-kennedy.de\/wirvonderkennedyfinal\/wp-content\/uploads\/2024\/12\/Stadt-Bad-Vilbel-Lesewettbewerb-2024-768x734.png 768w\" sizes=\"auto, (max-width: 938px) 100vw, 938px\" \/><\/a><\/figure>\n<\/figure>\n","protected":false},"excerpt":{"rendered":"<p>Der Vorlesewettbewerb ist, wie jedes Jahr, ein besonderer Tag f\u00fcr Sch\u00fcler*innen der 6. Klassen. Am 29.11.2024 fand der Vorlesewettbewerb der 6. Klassen in unserer Aula statt. Auch in diesem Jahr hatte jede Klasse den ersten und zweiten Klassen-Sieger ermittelt, die mit ihrem ausgew\u00e4hlten Buch zum Wettbewerb antraten. Unterst\u00fctzt wurde der Wettbewerb dieses Jahr von den&#8230; <\/p>\n<div class=\"clear\"><\/div>\n<p><a href=\"https:\/\/wir-von-der-kennedy.de\/wirvonderkennedyfinal\/domenik-otreba-gewinnt-den-vorlesewettbewerb-2024\/\" class=\"gdlr-info-font excerpt-read-more\">Read More<\/a><\/p>\n","protected":false},"author":2,"featured_media":0,"comment_status":"closed","ping_status":"closed","sticky":false,"template":"","format":"standard","meta":{"_crdt_document":"","footnotes":""},"categories":[1],"tags":[],"class_list":["post-16094","post","type-post","status-publish","format-standard","hentry","category-allgemein"],"_links":{"self":[{"href":"https:\/\/wir-von-der-kennedy.de\/wirvonderkennedyfinal\/wp-json\/wp\/v2\/posts\/16094","targetHints":{"allow":["GET"]}}],"collection":[{"href":"https:\/\/wir-von-der-kennedy.de\/wirvonderkennedyfinal\/wp-json\/wp\/v2\/posts"}],"about":[{"href":"https:\/\/wir-von-der-kennedy.de\/wirvonderkennedyfinal\/wp-json\/wp\/v2\/types\/post"}],"author":[{"embeddable":true,"href":"https:\/\/wir-von-der-kennedy.de\/wirvonderkennedyfinal\/wp-json\/wp\/v2\/users\/2"}],"replies":[{"embeddable":true,"href":"https:\/\/wir-von-der-kennedy.de\/wirvonderkennedyfinal\/wp-json\/wp\/v2\/comments?post=16094"}],"version-history":[{"count":3,"href":"https:\/\/wir-von-der-kennedy.de\/wirvonderkennedyfinal\/wp-json\/wp\/v2\/posts\/16094\/revisions"}],"predecessor-version":[{"id":16098,"href":"https:\/\/wir-von-der-kennedy.de\/wirvonderkennedyfinal\/wp-json\/wp\/v2\/posts\/16094\/revisions\/16098"}],"wp:attachment":[{"href":"https:\/\/wir-von-der-kennedy.de\/wirvonderkennedyfinal\/wp-json\/wp\/v2\/media?parent=16094"}],"wp:term":[{"taxonomy":"category","embeddable":true,"href":"https:\/\/wir-von-der-kennedy.de\/wirvonderkennedyfinal\/wp-json\/wp\/v2\/categories?post=16094"},{"taxonomy":"post_tag","embeddable":true,"href":"https:\/\/wir-von-der-kennedy.de\/wirvonderkennedyfinal\/wp-json\/wp\/v2\/tags?post=16094"}],"curies":[{"name":"wp","href":"https:\/\/api.w.org\/{rel}","templated":true}]}}