{"id":16296,"date":"2025-05-09T13:16:09","date_gmt":"2025-05-09T11:16:09","guid":{"rendered":"https:\/\/wir-von-der-kennedy.de\/wirvonderkennedyfinal\/?p=16296"},"modified":"2025-05-09T13:19:40","modified_gmt":"2025-05-09T11:19:40","slug":"der-welttag-des-buches-2025-in-unserer-buecherei-wirds-cool","status":"publish","type":"post","link":"https:\/\/wir-von-der-kennedy.de\/wirvonderkennedyfinal\/der-welttag-des-buches-2025-in-unserer-buecherei-wirds-cool\/","title":{"rendered":"Der Welttag des Buches 2025: In unserer B\u00fccherei wird&#8217;s cool!"},"content":{"rendered":"\n<p class=\"wp-block-paragraph\">Dieses Jahr hatten wir Gl\u00fcck und konnten den \u201eWelttag des Buches\u201c direkt am 23. April feiern; denn er lag nicht &#8211; wie so oft in den vergangenen Jahren &#8211; in den Osterferien. Dann mussten wir andere Termine f\u00fcr unsere j\u00e4hrlich stattfindenden Lesungen aus dem Buch \u201eIch schenk dir eine Geschichte\u201c w\u00e4hlen, aber dieses Jahr passte es perfekt.<\/p>\n\n\n\n<p class=\"wp-block-paragraph\">Im Vorfeld hatte ich, wie jedes Jahr, die B\u00fccher-Gutscheine f\u00fcr unsere F\u00fcnftkl\u00e4ssler \u00fcber die ortsans\u00e4ssige Buchhandlung \u201eLesezeit\u201c bestellt. An dieser Stelle m\u00f6chte ich mich gerne bei Frau Mahatzky, der Inhaberin der \u201eLesezeit\u201c, f\u00fcr die tolle Zusammenarbeit bedanken. Sie organisiert f\u00fcr unsere F\u00fcnftkl\u00e4ssler die B\u00fccher und tr\u00e4gt die Kosten.<\/p>\n\n\n\n<p class=\"wp-block-paragraph\">Die drei f\u00fcnften Klassen hatte ich am 23. April jeweils zu einer 45-min\u00fctigen Lesung aus dem diesj\u00e4hrigen Buch von Thomas Winkler \u201eCool wie Bolle\u201c eingeladen. Auch das ist wie in den vergangenen Jahren ein Comicroman mit Bildern von Timo Grubing. Besonders erfreut war ich, dass Frau Mahatzky an einer dieser Lesungen teilgenommen hat.<\/p>\n\n\n\n<p class=\"wp-block-paragraph\">Nach den Lesungen erhielt jede\/r Sch\u00fclerIn ein Buch-Exemplar geschenkt. Den anwesenden Lehrerinnen schenkte ich eine Rose, angelehnt an den Ursprung des \u201eWelttag des Buches\u201c in Katalonien, an dem es Brauch war, dass verliebte M\u00e4nner ihren Frauen Rosen und Frauen ihren M\u00e4nnern B\u00fccher schenkten.<\/p>\n\n\n\n<p class=\"wp-block-paragraph\"><em>Petra Axtmann<br>Sch\u00fcler-B\u00fccherei<\/em><\/p>\n\n\n\n<figure class=\"wp-block-gallery has-nested-images columns-2 is-cropped wp-block-gallery-1 is-layout-flex wp-block-gallery-is-layout-flex\">\n<figure class=\"wp-block-image size-large\"><a href=\"https:\/\/wir-von-der-kennedy.de\/wirvonderkennedyfinal\/wp-content\/uploads\/2025\/05\/IMG_0462-scaled.jpg\"><img loading=\"lazy\" decoding=\"async\" width=\"1024\" height=\"768\" data-id=\"16295\" src=\"https:\/\/wir-von-der-kennedy.de\/wirvonderkennedyfinal\/wp-content\/uploads\/2025\/05\/IMG_0462-1024x768.jpg\" alt=\"\" class=\"wp-image-16295\" srcset=\"https:\/\/wir-von-der-kennedy.de\/wirvonderkennedyfinal\/wp-content\/uploads\/2025\/05\/IMG_0462-1024x768.jpg 1024w, https:\/\/wir-von-der-kennedy.de\/wirvonderkennedyfinal\/wp-content\/uploads\/2025\/05\/IMG_0462-300x225.jpg 300w, https:\/\/wir-von-der-kennedy.de\/wirvonderkennedyfinal\/wp-content\/uploads\/2025\/05\/IMG_0462-768x576.jpg 768w, https:\/\/wir-von-der-kennedy.de\/wirvonderkennedyfinal\/wp-content\/uploads\/2025\/05\/IMG_0462-1536x1152.jpg 1536w, https:\/\/wir-von-der-kennedy.de\/wirvonderkennedyfinal\/wp-content\/uploads\/2025\/05\/IMG_0462-2048x1536.jpg 2048w, https:\/\/wir-von-der-kennedy.de\/wirvonderkennedyfinal\/wp-content\/uploads\/2025\/05\/IMG_0462-400x300.jpg 400w\" sizes=\"auto, (max-width: 1024px) 100vw, 1024px\" \/><\/a><\/figure>\n\n\n\n<figure class=\"wp-block-image size-large\"><a href=\"https:\/\/wir-von-der-kennedy.de\/wirvonderkennedyfinal\/wp-content\/uploads\/2025\/05\/IMG_0458-scaled.jpg\"><img loading=\"lazy\" decoding=\"async\" width=\"1024\" height=\"768\" data-id=\"16294\" src=\"https:\/\/wir-von-der-kennedy.de\/wirvonderkennedyfinal\/wp-content\/uploads\/2025\/05\/IMG_0458-1024x768.jpg\" alt=\"\" class=\"wp-image-16294\" srcset=\"https:\/\/wir-von-der-kennedy.de\/wirvonderkennedyfinal\/wp-content\/uploads\/2025\/05\/IMG_0458-1024x768.jpg 1024w, https:\/\/wir-von-der-kennedy.de\/wirvonderkennedyfinal\/wp-content\/uploads\/2025\/05\/IMG_0458-300x225.jpg 300w, https:\/\/wir-von-der-kennedy.de\/wirvonderkennedyfinal\/wp-content\/uploads\/2025\/05\/IMG_0458-768x576.jpg 768w, https:\/\/wir-von-der-kennedy.de\/wirvonderkennedyfinal\/wp-content\/uploads\/2025\/05\/IMG_0458-1536x1152.jpg 1536w, https:\/\/wir-von-der-kennedy.de\/wirvonderkennedyfinal\/wp-content\/uploads\/2025\/05\/IMG_0458-2048x1536.jpg 2048w, https:\/\/wir-von-der-kennedy.de\/wirvonderkennedyfinal\/wp-content\/uploads\/2025\/05\/IMG_0458-400x300.jpg 400w\" sizes=\"auto, (max-width: 1024px) 100vw, 1024px\" \/><\/a><\/figure>\n\n\n\n<figure class=\"wp-block-image size-large\"><a href=\"https:\/\/wir-von-der-kennedy.de\/wirvonderkennedyfinal\/wp-content\/uploads\/2025\/05\/IMG_0450.jpg\"><img loading=\"lazy\" decoding=\"async\" width=\"640\" height=\"480\" data-id=\"16293\" src=\"https:\/\/wir-von-der-kennedy.de\/wirvonderkennedyfinal\/wp-content\/uploads\/2025\/05\/IMG_0450.jpg\" alt=\"\" class=\"wp-image-16293\" srcset=\"https:\/\/wir-von-der-kennedy.de\/wirvonderkennedyfinal\/wp-content\/uploads\/2025\/05\/IMG_0450.jpg 640w, https:\/\/wir-von-der-kennedy.de\/wirvonderkennedyfinal\/wp-content\/uploads\/2025\/05\/IMG_0450-300x225.jpg 300w, https:\/\/wir-von-der-kennedy.de\/wirvonderkennedyfinal\/wp-content\/uploads\/2025\/05\/IMG_0450-400x300.jpg 400w\" sizes=\"auto, (max-width: 640px) 100vw, 640px\" \/><\/a><\/figure>\n\n\n\n<figure class=\"wp-block-image size-large\"><a href=\"https:\/\/wir-von-der-kennedy.de\/wirvonderkennedyfinal\/wp-content\/uploads\/2025\/05\/Cool-wie-Bolle.jpg\"><img loading=\"lazy\" decoding=\"async\" width=\"319\" height=\"466\" data-id=\"16299\" src=\"https:\/\/wir-von-der-kennedy.de\/wirvonderkennedyfinal\/wp-content\/uploads\/2025\/05\/Cool-wie-Bolle.jpg\" alt=\"\" class=\"wp-image-16299\" srcset=\"https:\/\/wir-von-der-kennedy.de\/wirvonderkennedyfinal\/wp-content\/uploads\/2025\/05\/Cool-wie-Bolle.jpg 319w, https:\/\/wir-von-der-kennedy.de\/wirvonderkennedyfinal\/wp-content\/uploads\/2025\/05\/Cool-wie-Bolle-205x300.jpg 205w\" sizes=\"auto, (max-width: 319px) 100vw, 319px\" \/><\/a><\/figure>\n<\/figure>\n","protected":false},"excerpt":{"rendered":"<p>Dieses Jahr hatten wir Gl\u00fcck und konnten den \u201eWelttag des Buches\u201c direkt am 23. April feiern; denn er lag nicht &#8211; wie so oft in den vergangenen Jahren &#8211; in den Osterferien. Dann mussten wir andere Termine f\u00fcr unsere j\u00e4hrlich stattfindenden Lesungen aus dem Buch \u201eIch schenk dir eine Geschichte\u201c w\u00e4hlen, aber dieses Jahr passte&#8230; <\/p>\n<div class=\"clear\"><\/div>\n<p><a href=\"https:\/\/wir-von-der-kennedy.de\/wirvonderkennedyfinal\/der-welttag-des-buches-2025-in-unserer-buecherei-wirds-cool\/\" class=\"gdlr-info-font excerpt-read-more\">Read More<\/a><\/p>\n","protected":false},"author":2,"featured_media":0,"comment_status":"closed","ping_status":"closed","sticky":false,"template":"","format":"standard","meta":{"_crdt_document":"","footnotes":""},"categories":[1],"tags":[],"class_list":["post-16296","post","type-post","status-publish","format-standard","hentry","category-allgemein"],"_links":{"self":[{"href":"https:\/\/wir-von-der-kennedy.de\/wirvonderkennedyfinal\/wp-json\/wp\/v2\/posts\/16296","targetHints":{"allow":["GET"]}}],"collection":[{"href":"https:\/\/wir-von-der-kennedy.de\/wirvonderkennedyfinal\/wp-json\/wp\/v2\/posts"}],"about":[{"href":"https:\/\/wir-von-der-kennedy.de\/wirvonderkennedyfinal\/wp-json\/wp\/v2\/types\/post"}],"author":[{"embeddable":true,"href":"https:\/\/wir-von-der-kennedy.de\/wirvonderkennedyfinal\/wp-json\/wp\/v2\/users\/2"}],"replies":[{"embeddable":true,"href":"https:\/\/wir-von-der-kennedy.de\/wirvonderkennedyfinal\/wp-json\/wp\/v2\/comments?post=16296"}],"version-history":[{"count":3,"href":"https:\/\/wir-von-der-kennedy.de\/wirvonderkennedyfinal\/wp-json\/wp\/v2\/posts\/16296\/revisions"}],"predecessor-version":[{"id":16300,"href":"https:\/\/wir-von-der-kennedy.de\/wirvonderkennedyfinal\/wp-json\/wp\/v2\/posts\/16296\/revisions\/16300"}],"wp:attachment":[{"href":"https:\/\/wir-von-der-kennedy.de\/wirvonderkennedyfinal\/wp-json\/wp\/v2\/media?parent=16296"}],"wp:term":[{"taxonomy":"category","embeddable":true,"href":"https:\/\/wir-von-der-kennedy.de\/wirvonderkennedyfinal\/wp-json\/wp\/v2\/categories?post=16296"},{"taxonomy":"post_tag","embeddable":true,"href":"https:\/\/wir-von-der-kennedy.de\/wirvonderkennedyfinal\/wp-json\/wp\/v2\/tags?post=16296"}],"curies":[{"name":"wp","href":"https:\/\/api.w.org\/{rel}","templated":true}]}}