{"id":16301,"date":"2025-05-09T13:26:20","date_gmt":"2025-05-09T11:26:20","guid":{"rendered":"https:\/\/wir-von-der-kennedy.de\/wirvonderkennedyfinal\/?p=16301"},"modified":"2025-05-09T13:29:40","modified_gmt":"2025-05-09T11:29:40","slug":"welches-projekt-waehlst-du-eine-uebersicht-ueber-das-angebot-an-den-projekttagen","status":"publish","type":"post","link":"https:\/\/wir-von-der-kennedy.de\/wirvonderkennedyfinal\/welches-projekt-waehlst-du-eine-uebersicht-ueber-das-angebot-an-den-projekttagen\/","title":{"rendered":"Welches Projekt w\u00e4hlst du? Eine \u00dcbersicht \u00fcber das Angebot an den Projekttagen!"},"content":{"rendered":"\r\n<p class=\"wp-block-paragraph\">Wie jedes Jahr finden in der letzten Woche vor den Sommerferien zwei Projekttage statt. Um eine \u00dcbersicht \u00fcber das vielf\u00e4ltige Angebot zu erhalten, kannst du <a href=\"https:\/\/wir-von-der-kennedy.de\/wirvonderkennedyfinal\/wp-content\/uploads\/2025\/05\/Projekttage-2025.pdf\">hier<\/a>\u00a0klicken. Viel Spa\u00df beim St\u00f6bern und Ausw\u00e4hlen.<\/p>\r\n","protected":false},"excerpt":{"rendered":"<p>Wie jedes Jahr finden in der letzten Woche vor den Sommerferien zwei Projekttage statt. Um eine \u00dcbersicht \u00fcber das vielf\u00e4ltige Angebot zu erhalten, kannst du hier\u00a0klicken. Viel Spa\u00df beim St\u00f6bern und Ausw\u00e4hlen.<\/p>\n","protected":false},"author":2,"featured_media":0,"comment_status":"closed","ping_status":"closed","sticky":false,"template":"","format":"standard","meta":{"_crdt_document":"","footnotes":""},"categories":[1],"tags":[],"class_list":["post-16301","post","type-post","status-publish","format-standard","hentry","category-allgemein"],"_links":{"self":[{"href":"https:\/\/wir-von-der-kennedy.de\/wirvonderkennedyfinal\/wp-json\/wp\/v2\/posts\/16301","targetHints":{"allow":["GET"]}}],"collection":[{"href":"https:\/\/wir-von-der-kennedy.de\/wirvonderkennedyfinal\/wp-json\/wp\/v2\/posts"}],"about":[{"href":"https:\/\/wir-von-der-kennedy.de\/wirvonderkennedyfinal\/wp-json\/wp\/v2\/types\/post"}],"author":[{"embeddable":true,"href":"https:\/\/wir-von-der-kennedy.de\/wirvonderkennedyfinal\/wp-json\/wp\/v2\/users\/2"}],"replies":[{"embeddable":true,"href":"https:\/\/wir-von-der-kennedy.de\/wirvonderkennedyfinal\/wp-json\/wp\/v2\/comments?post=16301"}],"version-history":[{"count":3,"href":"https:\/\/wir-von-der-kennedy.de\/wirvonderkennedyfinal\/wp-json\/wp\/v2\/posts\/16301\/revisions"}],"predecessor-version":[{"id":16305,"href":"https:\/\/wir-von-der-kennedy.de\/wirvonderkennedyfinal\/wp-json\/wp\/v2\/posts\/16301\/revisions\/16305"}],"wp:attachment":[{"href":"https:\/\/wir-von-der-kennedy.de\/wirvonderkennedyfinal\/wp-json\/wp\/v2\/media?parent=16301"}],"wp:term":[{"taxonomy":"category","embeddable":true,"href":"https:\/\/wir-von-der-kennedy.de\/wirvonderkennedyfinal\/wp-json\/wp\/v2\/categories?post=16301"},{"taxonomy":"post_tag","embeddable":true,"href":"https:\/\/wir-von-der-kennedy.de\/wirvonderkennedyfinal\/wp-json\/wp\/v2\/tags?post=16301"}],"curies":[{"name":"wp","href":"https:\/\/api.w.org\/{rel}","templated":true}]}}