{"id":16306,"date":"2025-05-13T23:18:43","date_gmt":"2025-05-13T21:18:43","guid":{"rendered":"https:\/\/wir-von-der-kennedy.de\/wirvonderkennedyfinal\/?p=16306"},"modified":"2025-05-14T16:12:29","modified_gmt":"2025-05-14T14:12:29","slug":"ein-aufregender-tag-in-wiesbaden-jfk-schuelerinnen-treffen-den-hessischen-ministerpraesidenten-boris-rhein","status":"publish","type":"post","link":"https:\/\/wir-von-der-kennedy.de\/wirvonderkennedyfinal\/ein-aufregender-tag-in-wiesbaden-jfk-schuelerinnen-treffen-den-hessischen-ministerpraesidenten-boris-rhein\/","title":{"rendered":"Ein aufregender Tag in Wiesbaden: JFK-Sch\u00fclerinnen treffen den hessischen Ministerpr\u00e4sidenten Boris Rhein!"},"content":{"rendered":"<p>In genau einem Monat beginnt der Hessentag in Bad Vilbel, Deutschlands gr\u00f6\u00dftes Landesfest. Was lag da f\u00fcr Musiklehrer Ren\u00e9 Di Rienzo von unserer John-F.-Kennedy-Schule n\u00e4her, als das erste Hessentagslied \u00fcberhaupt zu komponieren und mit der AG &#8222;SCHULEmachtKULTUR&#8220; die Aktion &#8222;SINGmit! Bei uns in Hessen&#8220; bis in den hessischen Landtag nach Wiesbaden zu tragen? Begleitet wurde er neben Lehrer Martin Wolfsholz von den drei Sch\u00fclerinnen Lina, Lotte und Marcelina aus der Klasse 7aR, die die Damen und Herren Abgeordneten vor laufender Kamera zum Singen brachten, ihnen entlockten, warum es in Hessen soooo sch\u00f6n ist und erfragten, welche besonderen hessischen Begriffe (&#8222;Kneipchen&#8220;, &#8222;Kolter&#8220;, &#8222;Lebbe geht weider&#8220;) sie kennen.<\/p>\n<p>Mit ihrem jugendlichen Charme bekamen die drei sogar den Ministerpr\u00e4sidenten Boris Rhein vor die Kamera. Fotos wurden jede Menge geschossen: mit dem Ministerpr\u00e4sidenten, der Landtagspr\u00e4sidentin Astrid Wallmann, dem Vilbeler B\u00fcrgermeister Sebastian Wysocki, dem Vilbeler Stadtk\u00e4mmerer Bastian Zander und nat\u00fcrlich dem Hessentagspaar. Anschlie\u00dfend besuchte das JFK-Quintett noch die 39. Plenarsitzung des Landtags, in der Herr Wysocki und das Hessentagspaar alle Hessen zum Hessentag nach Bad Vilbel einluden. Ein herzlicher Dank geht an den Landtagsabgeordneten Tobias Utter f\u00fcr die Einladung nach Wiesbaden und an Jasmin Wysocki f\u00fcr die freundliche Betreuung vor Ort.<\/p>\n<p>Und wie fanden die drei Sch\u00fclerinnen den &#8222;Schul&#8220;-Tag in Wiesbaden? Lina fand am besten, mal den Ministerpr\u00e4sidenten getroffen zu haben, der sie nach ihren Lieblingsf\u00e4chern gefragt hatte und ob sie ein Instrument spielen w\u00fcrde. Marcelina stimmte ihr zu und fand den &#8222;Tag allgemein cool&#8220;. Lotte fand es sch\u00f6n, dass Fotos mit dem Hessentagspaar und der netten Landtagspr\u00e4sidentin geknipst wurden, die drei &#8222;viele Leute interviewt haben&#8220; und &#8222;uns alle gelobt haben.&#8220;\u00a0\u00a0<\/p>\n\n\n<figure class=\"wp-block-gallery has-nested-images columns-default is-cropped wp-block-gallery-1 is-layout-flex wp-block-gallery-is-layout-flex\">\n<figure class=\"wp-block-image size-large\"><a href=\"https:\/\/wir-von-der-kennedy.de\/wirvonderkennedyfinal\/wp-content\/uploads\/2025\/05\/20250513_140930-scaled.jpg\"><img loading=\"lazy\" decoding=\"async\" width=\"1024\" height=\"683\" data-id=\"16311\" src=\"https:\/\/wir-von-der-kennedy.de\/wirvonderkennedyfinal\/wp-content\/uploads\/2025\/05\/20250513_140930-1024x683.jpg\" alt=\"\" class=\"wp-image-16311\" srcset=\"https:\/\/wir-von-der-kennedy.de\/wirvonderkennedyfinal\/wp-content\/uploads\/2025\/05\/20250513_140930-1024x683.jpg 1024w, https:\/\/wir-von-der-kennedy.de\/wirvonderkennedyfinal\/wp-content\/uploads\/2025\/05\/20250513_140930-300x200.jpg 300w, https:\/\/wir-von-der-kennedy.de\/wirvonderkennedyfinal\/wp-content\/uploads\/2025\/05\/20250513_140930-768x512.jpg 768w, https:\/\/wir-von-der-kennedy.de\/wirvonderkennedyfinal\/wp-content\/uploads\/2025\/05\/20250513_140930-1536x1024.jpg 1536w, https:\/\/wir-von-der-kennedy.de\/wirvonderkennedyfinal\/wp-content\/uploads\/2025\/05\/20250513_140930-2048x1366.jpg 2048w\" sizes=\"auto, (max-width: 1024px) 100vw, 1024px\" \/><\/a><\/figure>\n\n\n\n<figure class=\"wp-block-image size-large\"><a href=\"https:\/\/wir-von-der-kennedy.de\/wirvonderkennedyfinal\/wp-content\/uploads\/2025\/05\/20250513_135027-x-scaled.jpg\"><img loading=\"lazy\" decoding=\"async\" width=\"1024\" height=\"683\" data-id=\"16310\" src=\"https:\/\/wir-von-der-kennedy.de\/wirvonderkennedyfinal\/wp-content\/uploads\/2025\/05\/20250513_135027-x-1024x683.jpg\" alt=\"\" class=\"wp-image-16310\" srcset=\"https:\/\/wir-von-der-kennedy.de\/wirvonderkennedyfinal\/wp-content\/uploads\/2025\/05\/20250513_135027-x-1024x683.jpg 1024w, https:\/\/wir-von-der-kennedy.de\/wirvonderkennedyfinal\/wp-content\/uploads\/2025\/05\/20250513_135027-x-300x200.jpg 300w, https:\/\/wir-von-der-kennedy.de\/wirvonderkennedyfinal\/wp-content\/uploads\/2025\/05\/20250513_135027-x-768x512.jpg 768w, https:\/\/wir-von-der-kennedy.de\/wirvonderkennedyfinal\/wp-content\/uploads\/2025\/05\/20250513_135027-x-1536x1024.jpg 1536w, https:\/\/wir-von-der-kennedy.de\/wirvonderkennedyfinal\/wp-content\/uploads\/2025\/05\/20250513_135027-x-2048x1365.jpg 2048w\" sizes=\"auto, (max-width: 1024px) 100vw, 1024px\" \/><\/a><\/figure>\n\n\n\n<figure class=\"wp-block-image size-large\"><a href=\"https:\/\/wir-von-der-kennedy.de\/wirvonderkennedyfinal\/wp-content\/uploads\/2025\/05\/20250513_125245-scaled.jpg\"><img loading=\"lazy\" decoding=\"async\" width=\"1024\" height=\"576\" data-id=\"16312\" src=\"https:\/\/wir-von-der-kennedy.de\/wirvonderkennedyfinal\/wp-content\/uploads\/2025\/05\/20250513_125245-1024x576.jpg\" alt=\"\" class=\"wp-image-16312\" srcset=\"https:\/\/wir-von-der-kennedy.de\/wirvonderkennedyfinal\/wp-content\/uploads\/2025\/05\/20250513_125245-1024x576.jpg 1024w, https:\/\/wir-von-der-kennedy.de\/wirvonderkennedyfinal\/wp-content\/uploads\/2025\/05\/20250513_125245-300x169.jpg 300w, https:\/\/wir-von-der-kennedy.de\/wirvonderkennedyfinal\/wp-content\/uploads\/2025\/05\/20250513_125245-768x432.jpg 768w, https:\/\/wir-von-der-kennedy.de\/wirvonderkennedyfinal\/wp-content\/uploads\/2025\/05\/20250513_125245-1536x864.jpg 1536w, https:\/\/wir-von-der-kennedy.de\/wirvonderkennedyfinal\/wp-content\/uploads\/2025\/05\/20250513_125245-2048x1153.jpg 2048w\" sizes=\"auto, (max-width: 1024px) 100vw, 1024px\" \/><\/a><\/figure>\n\n\n\n<figure class=\"wp-block-image size-large\"><a href=\"https:\/\/wir-von-der-kennedy.de\/wirvonderkennedyfinal\/wp-content\/uploads\/2025\/05\/20250513_134525-x-scaled.jpg\"><img loading=\"lazy\" decoding=\"async\" width=\"682\" height=\"1024\" data-id=\"16309\" src=\"https:\/\/wir-von-der-kennedy.de\/wirvonderkennedyfinal\/wp-content\/uploads\/2025\/05\/20250513_134525-x-682x1024.jpg\" alt=\"\" class=\"wp-image-16309\" srcset=\"https:\/\/wir-von-der-kennedy.de\/wirvonderkennedyfinal\/wp-content\/uploads\/2025\/05\/20250513_134525-x-682x1024.jpg 682w, https:\/\/wir-von-der-kennedy.de\/wirvonderkennedyfinal\/wp-content\/uploads\/2025\/05\/20250513_134525-x-200x300.jpg 200w, https:\/\/wir-von-der-kennedy.de\/wirvonderkennedyfinal\/wp-content\/uploads\/2025\/05\/20250513_134525-x-768x1152.jpg 768w, https:\/\/wir-von-der-kennedy.de\/wirvonderkennedyfinal\/wp-content\/uploads\/2025\/05\/20250513_134525-x-1024x1536.jpg 1024w, https:\/\/wir-von-der-kennedy.de\/wirvonderkennedyfinal\/wp-content\/uploads\/2025\/05\/20250513_134525-x-1365x2048.jpg 1365w, https:\/\/wir-von-der-kennedy.de\/wirvonderkennedyfinal\/wp-content\/uploads\/2025\/05\/20250513_134525-x-scaled.jpg 1706w\" sizes=\"auto, (max-width: 682px) 100vw, 682px\" \/><\/a><\/figure>\n\n\n\n<figure class=\"wp-block-image size-large\"><a href=\"https:\/\/wir-von-der-kennedy.de\/wirvonderkennedyfinal\/wp-content\/uploads\/2025\/05\/IMG-20250513-WA0074.jpg\"><img loading=\"lazy\" decoding=\"async\" width=\"1024\" height=\"683\" data-id=\"16313\" src=\"https:\/\/wir-von-der-kennedy.de\/wirvonderkennedyfinal\/wp-content\/uploads\/2025\/05\/IMG-20250513-WA0074-1024x683.jpg\" alt=\"\" class=\"wp-image-16313\" srcset=\"https:\/\/wir-von-der-kennedy.de\/wirvonderkennedyfinal\/wp-content\/uploads\/2025\/05\/IMG-20250513-WA0074-1024x683.jpg 1024w, https:\/\/wir-von-der-kennedy.de\/wirvonderkennedyfinal\/wp-content\/uploads\/2025\/05\/IMG-20250513-WA0074-300x200.jpg 300w, https:\/\/wir-von-der-kennedy.de\/wirvonderkennedyfinal\/wp-content\/uploads\/2025\/05\/IMG-20250513-WA0074-768x512.jpg 768w, https:\/\/wir-von-der-kennedy.de\/wirvonderkennedyfinal\/wp-content\/uploads\/2025\/05\/IMG-20250513-WA0074-1536x1024.jpg 1536w, https:\/\/wir-von-der-kennedy.de\/wirvonderkennedyfinal\/wp-content\/uploads\/2025\/05\/IMG-20250513-WA0074.jpg 1686w\" sizes=\"auto, (max-width: 1024px) 100vw, 1024px\" \/><\/a><\/figure>\n\n\n\n<figure class=\"wp-block-image size-large\"><a href=\"https:\/\/wir-von-der-kennedy.de\/wirvonderkennedyfinal\/wp-content\/uploads\/2025\/05\/20250513_124015-scaled.jpg\"><img loading=\"lazy\" decoding=\"async\" width=\"1024\" height=\"576\" data-id=\"16308\" src=\"https:\/\/wir-von-der-kennedy.de\/wirvonderkennedyfinal\/wp-content\/uploads\/2025\/05\/20250513_124015-1024x576.jpg\" alt=\"\" class=\"wp-image-16308\" srcset=\"https:\/\/wir-von-der-kennedy.de\/wirvonderkennedyfinal\/wp-content\/uploads\/2025\/05\/20250513_124015-1024x576.jpg 1024w, https:\/\/wir-von-der-kennedy.de\/wirvonderkennedyfinal\/wp-content\/uploads\/2025\/05\/20250513_124015-300x169.jpg 300w, https:\/\/wir-von-der-kennedy.de\/wirvonderkennedyfinal\/wp-content\/uploads\/2025\/05\/20250513_124015-768x432.jpg 768w, https:\/\/wir-von-der-kennedy.de\/wirvonderkennedyfinal\/wp-content\/uploads\/2025\/05\/20250513_124015-1536x864.jpg 1536w, https:\/\/wir-von-der-kennedy.de\/wirvonderkennedyfinal\/wp-content\/uploads\/2025\/05\/20250513_124015-2048x1153.jpg 2048w\" sizes=\"auto, (max-width: 1024px) 100vw, 1024px\" \/><\/a><\/figure>\n<\/figure>\n","protected":false},"excerpt":{"rendered":"<p>In genau einem Monat beginnt der Hessentag in Bad Vilbel, Deutschlands gr\u00f6\u00dftes Landesfest. Was lag da f\u00fcr Musiklehrer Ren\u00e9 Di Rienzo von unserer John-F.-Kennedy-Schule n\u00e4her, als das erste Hessentagslied \u00fcberhaupt zu komponieren und mit der AG &#8222;SCHULEmachtKULTUR&#8220; die Aktion &#8222;SINGmit! Bei uns in Hessen&#8220; bis in den hessischen Landtag nach Wiesbaden zu tragen? Begleitet wurde&#8230; <\/p>\n<div class=\"clear\"><\/div>\n<p><a href=\"https:\/\/wir-von-der-kennedy.de\/wirvonderkennedyfinal\/ein-aufregender-tag-in-wiesbaden-jfk-schuelerinnen-treffen-den-hessischen-ministerpraesidenten-boris-rhein\/\" class=\"gdlr-info-font excerpt-read-more\">Read More<\/a><\/p>\n","protected":false},"author":2,"featured_media":0,"comment_status":"closed","ping_status":"closed","sticky":false,"template":"","format":"standard","meta":{"_crdt_document":"","footnotes":""},"categories":[1],"tags":[],"class_list":["post-16306","post","type-post","status-publish","format-standard","hentry","category-allgemein"],"_links":{"self":[{"href":"https:\/\/wir-von-der-kennedy.de\/wirvonderkennedyfinal\/wp-json\/wp\/v2\/posts\/16306","targetHints":{"allow":["GET"]}}],"collection":[{"href":"https:\/\/wir-von-der-kennedy.de\/wirvonderkennedyfinal\/wp-json\/wp\/v2\/posts"}],"about":[{"href":"https:\/\/wir-von-der-kennedy.de\/wirvonderkennedyfinal\/wp-json\/wp\/v2\/types\/post"}],"author":[{"embeddable":true,"href":"https:\/\/wir-von-der-kennedy.de\/wirvonderkennedyfinal\/wp-json\/wp\/v2\/users\/2"}],"replies":[{"embeddable":true,"href":"https:\/\/wir-von-der-kennedy.de\/wirvonderkennedyfinal\/wp-json\/wp\/v2\/comments?post=16306"}],"version-history":[{"count":5,"href":"https:\/\/wir-von-der-kennedy.de\/wirvonderkennedyfinal\/wp-json\/wp\/v2\/posts\/16306\/revisions"}],"predecessor-version":[{"id":16318,"href":"https:\/\/wir-von-der-kennedy.de\/wirvonderkennedyfinal\/wp-json\/wp\/v2\/posts\/16306\/revisions\/16318"}],"wp:attachment":[{"href":"https:\/\/wir-von-der-kennedy.de\/wirvonderkennedyfinal\/wp-json\/wp\/v2\/media?parent=16306"}],"wp:term":[{"taxonomy":"category","embeddable":true,"href":"https:\/\/wir-von-der-kennedy.de\/wirvonderkennedyfinal\/wp-json\/wp\/v2\/categories?post=16306"},{"taxonomy":"post_tag","embeddable":true,"href":"https:\/\/wir-von-der-kennedy.de\/wirvonderkennedyfinal\/wp-json\/wp\/v2\/tags?post=16306"}],"curies":[{"name":"wp","href":"https:\/\/api.w.org\/{rel}","templated":true}]}}