{"id":16703,"date":"2025-11-24T15:47:01","date_gmt":"2025-11-24T14:47:01","guid":{"rendered":"https:\/\/wir-von-der-kennedy.de\/wirvonderkennedyfinal\/?p=16703"},"modified":"2025-11-24T15:49:24","modified_gmt":"2025-11-24T14:49:24","slug":"praesentationen-der-abschlussschueler-ein-dutzend-mal-sehr-gut","status":"publish","type":"post","link":"https:\/\/wir-von-der-kennedy.de\/wirvonderkennedyfinal\/praesentationen-der-abschlussschueler-ein-dutzend-mal-sehr-gut\/","title":{"rendered":"Pr\u00e4sentationen der Abschlusssch\u00fcler: Ein Dutzend mal &#8222;sehr gut&#8220;!"},"content":{"rendered":"\n<p class=\"wp-block-paragraph\">Herzlichen Gl\u00fcckwunsch! Gleich ein Dutzend Zehntkl\u00e4ssler konnte in diesem Jahr bei den Abschlusspr\u00e4sentationen im November mit \u201esehr gut\u201c \u00fcberzeugen. Unter ihnen ist Maria-Chiara aus der 10cR, die sich wochenlang und intensiv mit dem Thema \u201eWie schaden soziale Medien Kinder und Jugendliche im Alter von 10 bis 16 Jahren?\u201c besch\u00e4ftigt hat. Sie meint: \u201eWenn die Pr\u00e4sentation erstmal l\u00e4uft, ist es nicht mehr so schlimm, wie man es sich zuvor gedacht hat.\u201c Andere Sch\u00fclerinnen und Sch\u00fcler w\u00e4hlten so interessante Themen wie \u201eAufstieg des Dschingis Khan\u201c, \u201eCorporate Design\u201c, \u201eLicht- und Tontechnik\u201c oder \u201eDas Gleichberechtigungsgesetz von 1958\u201c. Das Fach PoWi war \u00fcbrigens mit 27,8 % das beliebteste Fach der Realsch\u00fcler, dicht gefolgt von Biologie (26,2 %). Auf Platz 3 landete das Fach Geschichte (14,75 %).<\/p>\n\n\n\n<figure class=\"wp-block-image size-large\"><a href=\"https:\/\/wir-von-der-kennedy.de\/wirvonderkennedyfinal\/wp-content\/uploads\/2025\/11\/WhatsApp-Image-2025-11-24-at-11.00.31.jpeg\"><img loading=\"lazy\" decoding=\"async\" width=\"1024\" height=\"670\" src=\"https:\/\/wir-von-der-kennedy.de\/wirvonderkennedyfinal\/wp-content\/uploads\/2025\/11\/WhatsApp-Image-2025-11-24-at-11.00.31-1024x670.jpeg\" alt=\"\" class=\"wp-image-16707\" srcset=\"https:\/\/wir-von-der-kennedy.de\/wirvonderkennedyfinal\/wp-content\/uploads\/2025\/11\/WhatsApp-Image-2025-11-24-at-11.00.31-1024x670.jpeg 1024w, https:\/\/wir-von-der-kennedy.de\/wirvonderkennedyfinal\/wp-content\/uploads\/2025\/11\/WhatsApp-Image-2025-11-24-at-11.00.31-300x196.jpeg 300w, https:\/\/wir-von-der-kennedy.de\/wirvonderkennedyfinal\/wp-content\/uploads\/2025\/11\/WhatsApp-Image-2025-11-24-at-11.00.31-768x502.jpeg 768w, https:\/\/wir-von-der-kennedy.de\/wirvonderkennedyfinal\/wp-content\/uploads\/2025\/11\/WhatsApp-Image-2025-11-24-at-11.00.31-1536x1005.jpeg 1536w, https:\/\/wir-von-der-kennedy.de\/wirvonderkennedyfinal\/wp-content\/uploads\/2025\/11\/WhatsApp-Image-2025-11-24-at-11.00.31.jpeg 1708w\" sizes=\"auto, (max-width: 1024px) 100vw, 1024px\" \/><\/a><\/figure>\n","protected":false},"excerpt":{"rendered":"<p>Herzlichen Gl\u00fcckwunsch! Gleich ein Dutzend Zehntkl\u00e4ssler konnte in diesem Jahr bei den Abschlusspr\u00e4sentationen im November mit \u201esehr gut\u201c \u00fcberzeugen. Unter ihnen ist Maria-Chiara aus der 10cR, die sich wochenlang und intensiv mit dem Thema \u201eWie schaden soziale Medien Kinder und Jugendliche im Alter von 10 bis 16 Jahren?\u201c besch\u00e4ftigt hat. Sie meint: \u201eWenn die Pr\u00e4sentation&#8230; <\/p>\n<div class=\"clear\"><\/div>\n<p><a href=\"https:\/\/wir-von-der-kennedy.de\/wirvonderkennedyfinal\/praesentationen-der-abschlussschueler-ein-dutzend-mal-sehr-gut\/\" class=\"gdlr-info-font excerpt-read-more\">Read More<\/a><\/p>\n","protected":false},"author":2,"featured_media":0,"comment_status":"closed","ping_status":"closed","sticky":false,"template":"","format":"standard","meta":{"_crdt_document":"","footnotes":""},"categories":[1],"tags":[],"class_list":["post-16703","post","type-post","status-publish","format-standard","hentry","category-allgemein"],"_links":{"self":[{"href":"https:\/\/wir-von-der-kennedy.de\/wirvonderkennedyfinal\/wp-json\/wp\/v2\/posts\/16703","targetHints":{"allow":["GET"]}}],"collection":[{"href":"https:\/\/wir-von-der-kennedy.de\/wirvonderkennedyfinal\/wp-json\/wp\/v2\/posts"}],"about":[{"href":"https:\/\/wir-von-der-kennedy.de\/wirvonderkennedyfinal\/wp-json\/wp\/v2\/types\/post"}],"author":[{"embeddable":true,"href":"https:\/\/wir-von-der-kennedy.de\/wirvonderkennedyfinal\/wp-json\/wp\/v2\/users\/2"}],"replies":[{"embeddable":true,"href":"https:\/\/wir-von-der-kennedy.de\/wirvonderkennedyfinal\/wp-json\/wp\/v2\/comments?post=16703"}],"version-history":[{"count":3,"href":"https:\/\/wir-von-der-kennedy.de\/wirvonderkennedyfinal\/wp-json\/wp\/v2\/posts\/16703\/revisions"}],"predecessor-version":[{"id":16708,"href":"https:\/\/wir-von-der-kennedy.de\/wirvonderkennedyfinal\/wp-json\/wp\/v2\/posts\/16703\/revisions\/16708"}],"wp:attachment":[{"href":"https:\/\/wir-von-der-kennedy.de\/wirvonderkennedyfinal\/wp-json\/wp\/v2\/media?parent=16703"}],"wp:term":[{"taxonomy":"category","embeddable":true,"href":"https:\/\/wir-von-der-kennedy.de\/wirvonderkennedyfinal\/wp-json\/wp\/v2\/categories?post=16703"},{"taxonomy":"post_tag","embeddable":true,"href":"https:\/\/wir-von-der-kennedy.de\/wirvonderkennedyfinal\/wp-json\/wp\/v2\/tags?post=16703"}],"curies":[{"name":"wp","href":"https:\/\/api.w.org\/{rel}","templated":true}]}}