{"id":16739,"date":"2025-12-16T19:10:33","date_gmt":"2025-12-16T18:10:33","guid":{"rendered":"https:\/\/wir-von-der-kennedy.de\/wirvonderkennedyfinal\/?p=16739"},"modified":"2025-12-16T19:10:34","modified_gmt":"2025-12-16T18:10:34","slug":"mit-magischen-tieren-zum-sieg-sara-bukvic-gewinnt-den-vorlesewettbewerb-2025","status":"publish","type":"post","link":"https:\/\/wir-von-der-kennedy.de\/wirvonderkennedyfinal\/mit-magischen-tieren-zum-sieg-sara-bukvic-gewinnt-den-vorlesewettbewerb-2025\/","title":{"rendered":"Mit magischen Tieren zum Sieg: Sara Bukvic gewinnt den Vorlesewettbewerb 2025!"},"content":{"rendered":"\n<p class=\"wp-block-paragraph\">Der Vorlesewettbewerb der 6. Klassen fand dieses Jahr in der Mensa unserer Schule statt, da die Aula zurzeit saniert wird. Herr Di Rienzo sorgte f\u00fcr ein wundersch\u00f6nes Ambiente mit einer kleinen B\u00fchne f\u00fcr die Vorleser, toller Beleuchtung und Technik und angemessener Bestuhlung f\u00fcr die Zuh\u00f6rer. Das waren, wie in den vergangenen Jahren, alle Sch\u00fclerinnen und Sch\u00fcler der 6. Klassen.<\/p>\n\n\n\n<p class=\"wp-block-paragraph\">Nach den Herbstferien hatten die Klassen- bzw. Deutschlehrer aller 6. Klassen jeweils ihre beiden Klassensieger gemeldet, sodass f\u00fcr den Wettbewerb am Freitag, den 28.11.25 jeweils zwei Sch\u00fcler der drei 6. Klassen gemeldet waren.&nbsp;<\/p>\n\n\n\n<p class=\"wp-block-paragraph\">In der Klasse 6aF errangen Franka Nadolny mit dem Buch \u201eBilly Backe\u201c von Markus Orths und Lian Ferlemann mit \u201eRausgekickt\u201c von Julien Wolff die beiden Klassensiege. Ein Klassensieger der Klasse 6bF, Guiseppe Pircek, w\u00e4hlte \u201eIn den F\u00e4ngen der Mafia\u201c von Andreas Schl\u00fcter aus und Adrian Vinogradac, auch aus der 6bF, entschied sich f\u00fcr \u201eSturmw\u00e4chter &#8211; Das Geheimnis von Arranmore\u201c von Catherine Doyle. Sara Bukvic aus der 6cF entschloss sich, aus \u201eDie Schule der magischen Tiere &#8211; Band1\u201c von Margit Auer vorzulesen, bei Joel Faludi, ebenfalls 6cF, fiel die Wahl auf \u201eDirk und Ich\u201c von Andreas Steinh\u00f6fel.<\/p>\n\n\n\n<p class=\"wp-block-paragraph\">Der Wettbewerb fand in der dritten und 4. Stunde statt und alle Sch\u00fclerInnen der 6. Klassen waren in die Mensa eingeladen, um ihre Klassensieger anzuspornen, den Titel des Schulsiegers zu holen. Leider traten nur f\u00fcnf Vorleser an, da Adrian krankgemeldet wurde.<\/p>\n\n\n\n<p class=\"wp-block-paragraph\">Nachdem alle Klassensieger drei Minuten aus ihrem ausgew\u00e4hlten Buch vorgelesen hatten, zog sich die Jury zur\u00fcck. In diesem Jahr bestand die Jury aus vier Mitgliedern, da der stellv. Schulsprecher leider nicht anwesend war. So setzten sich Herr Beyersdorf (Mitglied der Schulleitung) und die Sch\u00fcler-B\u00fccherei-Leiterin Frau Axtmann, mit Natalie Nakonieczny (2. Schulsiegerin des letzten Jahres) zur Beratung zusammen. Herr Di Rienzo (Deutschlehrer) war auch Teil der Jury und gab seine Favoriten kurz der restlichen Jury bekannt, um dann die Sch\u00fcler w\u00e4hrend der Pause f\u00fcr den diesj\u00e4hrigen JFK- Weihnachtsclip zu begeistern. Als die Jury die Mensa nach der Beratung wieder betrat, fanden sie die Sch\u00fcler mit voller Begeisterung singend vor.<\/p>\n\n\n\n<p class=\"wp-block-paragraph\">Frau Axtmann gab die beiden Favoritinnen bekannt, die nun aus einem fremden Buch zwei Minuten vorlasen. In diesem Jahr aus \u201ePechstr\u00e4hnen f\u00e4rbt man pink\u201c von Mina Teichert.<\/p>\n\n\n\n<p class=\"wp-block-paragraph\">Im Anschluss wurde von der Jury die erste und zweite Schulsiegerin ermittelt. In dieser kleinen Pause schauten die Zuschauer einen kleinen Filmausschnitt von Walt Disney an, darauf folgte die Siegerehrung.<\/p>\n\n\n\n<p class=\"wp-block-paragraph\">1. Schulsiegerin wurde Sara Bukvic, die mit ihrer Leistung auch beim Fremdtext \u00fcberzeugte.<\/p>\n\n\n\n<p class=\"wp-block-paragraph\">2. Schulsiegerin wurde Franka Nadolny.&nbsp;<\/p>\n\n\n\n<p class=\"wp-block-paragraph\">Herzlichen Gl\u00fcckwunsch an beide zu dieser tollen Leistung. Wir gratulieren auch allen anderen Sch\u00fclern, die sich f\u00fcr diesen Wettbewerb qualifiziert haben.<\/p>\n\n\n\n<p class=\"wp-block-paragraph\">Gerade in der heutigen Zeit, in der das Lesen von B\u00fcchern immer mehr in den Hintergrund tritt, erfreut es mich, dass die Begeisterung f\u00fcr B\u00fccher bei einigen Sch\u00fclern noch vorhanden ist und wir auch in diesem Jahr diesen tollen Wettbewerb durchf\u00fchren konnten. Mein Dank gilt allen, die diese Veranstaltung erm\u00f6glicht haben.<\/p>\n\n\n\n<p class=\"wp-block-paragraph\"><em>Petra Axtmann<\/em><\/p>\n\n\n\n<p class=\"wp-block-paragraph\">Leiterin der Sch\u00fcler-B\u00fccherei<\/p>\n\n\n\n<figure class=\"wp-block-gallery has-nested-images columns-4 is-cropped wp-block-gallery-1 is-layout-flex wp-block-gallery-is-layout-flex\">\n<figure class=\"wp-block-image size-large\"><a href=\"https:\/\/wir-von-der-kennedy.de\/wirvonderkennedyfinal\/wp-content\/uploads\/2025\/12\/20251128_112406-scaled.jpg\"><img loading=\"lazy\" decoding=\"async\" width=\"1024\" height=\"577\" data-id=\"16736\" src=\"https:\/\/wir-von-der-kennedy.de\/wirvonderkennedyfinal\/wp-content\/uploads\/2025\/12\/20251128_112406-1024x577.jpg\" alt=\"\" class=\"wp-image-16736\" srcset=\"https:\/\/wir-von-der-kennedy.de\/wirvonderkennedyfinal\/wp-content\/uploads\/2025\/12\/20251128_112406-1024x577.jpg 1024w, https:\/\/wir-von-der-kennedy.de\/wirvonderkennedyfinal\/wp-content\/uploads\/2025\/12\/20251128_112406-300x169.jpg 300w, https:\/\/wir-von-der-kennedy.de\/wirvonderkennedyfinal\/wp-content\/uploads\/2025\/12\/20251128_112406-768x432.jpg 768w, https:\/\/wir-von-der-kennedy.de\/wirvonderkennedyfinal\/wp-content\/uploads\/2025\/12\/20251128_112406-1536x865.jpg 1536w, https:\/\/wir-von-der-kennedy.de\/wirvonderkennedyfinal\/wp-content\/uploads\/2025\/12\/20251128_112406-2048x1153.jpg 2048w\" sizes=\"auto, (max-width: 1024px) 100vw, 1024px\" \/><\/a><\/figure>\n\n\n\n<figure class=\"wp-block-image size-large\"><a href=\"https:\/\/wir-von-der-kennedy.de\/wirvonderkennedyfinal\/wp-content\/uploads\/2025\/12\/20251128_112339-scaled.jpg\"><img loading=\"lazy\" decoding=\"async\" width=\"1024\" height=\"577\" data-id=\"16737\" src=\"https:\/\/wir-von-der-kennedy.de\/wirvonderkennedyfinal\/wp-content\/uploads\/2025\/12\/20251128_112339-1024x577.jpg\" alt=\"\" class=\"wp-image-16737\" srcset=\"https:\/\/wir-von-der-kennedy.de\/wirvonderkennedyfinal\/wp-content\/uploads\/2025\/12\/20251128_112339-1024x577.jpg 1024w, https:\/\/wir-von-der-kennedy.de\/wirvonderkennedyfinal\/wp-content\/uploads\/2025\/12\/20251128_112339-300x169.jpg 300w, https:\/\/wir-von-der-kennedy.de\/wirvonderkennedyfinal\/wp-content\/uploads\/2025\/12\/20251128_112339-768x432.jpg 768w, https:\/\/wir-von-der-kennedy.de\/wirvonderkennedyfinal\/wp-content\/uploads\/2025\/12\/20251128_112339-1536x865.jpg 1536w, https:\/\/wir-von-der-kennedy.de\/wirvonderkennedyfinal\/wp-content\/uploads\/2025\/12\/20251128_112339-2048x1153.jpg 2048w\" sizes=\"auto, (max-width: 1024px) 100vw, 1024px\" \/><\/a><\/figure>\n\n\n\n<figure class=\"wp-block-image size-large\"><a href=\"https:\/\/wir-von-der-kennedy.de\/wirvonderkennedyfinal\/wp-content\/uploads\/2025\/12\/20251128_105149-scaled.jpg\"><img loading=\"lazy\" decoding=\"async\" width=\"1024\" height=\"577\" data-id=\"16738\" src=\"https:\/\/wir-von-der-kennedy.de\/wirvonderkennedyfinal\/wp-content\/uploads\/2025\/12\/20251128_105149-1024x577.jpg\" alt=\"\" class=\"wp-image-16738\" srcset=\"https:\/\/wir-von-der-kennedy.de\/wirvonderkennedyfinal\/wp-content\/uploads\/2025\/12\/20251128_105149-1024x577.jpg 1024w, https:\/\/wir-von-der-kennedy.de\/wirvonderkennedyfinal\/wp-content\/uploads\/2025\/12\/20251128_105149-300x169.jpg 300w, https:\/\/wir-von-der-kennedy.de\/wirvonderkennedyfinal\/wp-content\/uploads\/2025\/12\/20251128_105149-768x432.jpg 768w, https:\/\/wir-von-der-kennedy.de\/wirvonderkennedyfinal\/wp-content\/uploads\/2025\/12\/20251128_105149-1536x865.jpg 1536w, https:\/\/wir-von-der-kennedy.de\/wirvonderkennedyfinal\/wp-content\/uploads\/2025\/12\/20251128_105149-2048x1153.jpg 2048w\" sizes=\"auto, (max-width: 1024px) 100vw, 1024px\" \/><\/a><\/figure>\n\n\n\n<figure class=\"wp-block-image size-large\"><a href=\"https:\/\/wir-von-der-kennedy.de\/wirvonderkennedyfinal\/wp-content\/uploads\/2025\/12\/Screenshot_20251128_162412_Gallery.jpg\"><img loading=\"lazy\" decoding=\"async\" width=\"1024\" height=\"575\" data-id=\"16735\" src=\"https:\/\/wir-von-der-kennedy.de\/wirvonderkennedyfinal\/wp-content\/uploads\/2025\/12\/Screenshot_20251128_162412_Gallery-1024x575.jpg\" alt=\"\" class=\"wp-image-16735\" srcset=\"https:\/\/wir-von-der-kennedy.de\/wirvonderkennedyfinal\/wp-content\/uploads\/2025\/12\/Screenshot_20251128_162412_Gallery-1024x575.jpg 1024w, https:\/\/wir-von-der-kennedy.de\/wirvonderkennedyfinal\/wp-content\/uploads\/2025\/12\/Screenshot_20251128_162412_Gallery-300x168.jpg 300w, https:\/\/wir-von-der-kennedy.de\/wirvonderkennedyfinal\/wp-content\/uploads\/2025\/12\/Screenshot_20251128_162412_Gallery-768x431.jpg 768w, https:\/\/wir-von-der-kennedy.de\/wirvonderkennedyfinal\/wp-content\/uploads\/2025\/12\/Screenshot_20251128_162412_Gallery-1536x862.jpg 1536w, https:\/\/wir-von-der-kennedy.de\/wirvonderkennedyfinal\/wp-content\/uploads\/2025\/12\/Screenshot_20251128_162412_Gallery.jpg 1920w\" sizes=\"auto, (max-width: 1024px) 100vw, 1024px\" \/><\/a><\/figure>\n<\/figure>\n","protected":false},"excerpt":{"rendered":"<p>Der Vorlesewettbewerb der 6. Klassen fand dieses Jahr in der Mensa unserer Schule statt, da die Aula zurzeit saniert wird. Herr Di Rienzo sorgte f\u00fcr ein wundersch\u00f6nes Ambiente mit einer kleinen B\u00fchne f\u00fcr die Vorleser, toller Beleuchtung und Technik und angemessener Bestuhlung f\u00fcr die Zuh\u00f6rer. Das waren, wie in den vergangenen Jahren, alle Sch\u00fclerinnen und&#8230; <\/p>\n<div class=\"clear\"><\/div>\n<p><a href=\"https:\/\/wir-von-der-kennedy.de\/wirvonderkennedyfinal\/mit-magischen-tieren-zum-sieg-sara-bukvic-gewinnt-den-vorlesewettbewerb-2025\/\" class=\"gdlr-info-font excerpt-read-more\">Read More<\/a><\/p>\n","protected":false},"author":2,"featured_media":0,"comment_status":"closed","ping_status":"closed","sticky":false,"template":"","format":"standard","meta":{"_crdt_document":"","footnotes":""},"categories":[1],"tags":[],"class_list":["post-16739","post","type-post","status-publish","format-standard","hentry","category-allgemein"],"_links":{"self":[{"href":"https:\/\/wir-von-der-kennedy.de\/wirvonderkennedyfinal\/wp-json\/wp\/v2\/posts\/16739","targetHints":{"allow":["GET"]}}],"collection":[{"href":"https:\/\/wir-von-der-kennedy.de\/wirvonderkennedyfinal\/wp-json\/wp\/v2\/posts"}],"about":[{"href":"https:\/\/wir-von-der-kennedy.de\/wirvonderkennedyfinal\/wp-json\/wp\/v2\/types\/post"}],"author":[{"embeddable":true,"href":"https:\/\/wir-von-der-kennedy.de\/wirvonderkennedyfinal\/wp-json\/wp\/v2\/users\/2"}],"replies":[{"embeddable":true,"href":"https:\/\/wir-von-der-kennedy.de\/wirvonderkennedyfinal\/wp-json\/wp\/v2\/comments?post=16739"}],"version-history":[{"count":2,"href":"https:\/\/wir-von-der-kennedy.de\/wirvonderkennedyfinal\/wp-json\/wp\/v2\/posts\/16739\/revisions"}],"predecessor-version":[{"id":16741,"href":"https:\/\/wir-von-der-kennedy.de\/wirvonderkennedyfinal\/wp-json\/wp\/v2\/posts\/16739\/revisions\/16741"}],"wp:attachment":[{"href":"https:\/\/wir-von-der-kennedy.de\/wirvonderkennedyfinal\/wp-json\/wp\/v2\/media?parent=16739"}],"wp:term":[{"taxonomy":"category","embeddable":true,"href":"https:\/\/wir-von-der-kennedy.de\/wirvonderkennedyfinal\/wp-json\/wp\/v2\/categories?post=16739"},{"taxonomy":"post_tag","embeddable":true,"href":"https:\/\/wir-von-der-kennedy.de\/wirvonderkennedyfinal\/wp-json\/wp\/v2\/tags?post=16739"}],"curies":[{"name":"wp","href":"https:\/\/api.w.org\/{rel}","templated":true}]}}