{"id":5856,"date":"2015-06-23T14:52:02","date_gmt":"2015-06-23T12:52:02","guid":{"rendered":"http:\/\/wir-von-der-kennedy.de\/wirvonderkennedyfinal\/?p=5856"},"modified":"2019-03-23T06:30:30","modified_gmt":"2019-03-23T05:30:30","slug":"50-jahre-jfk","status":"publish","type":"post","link":"https:\/\/wir-von-der-kennedy.de\/wirvonderkennedyfinal\/50-jahre-jfk\/","title":{"rendered":"50 Jahre JFK"},"content":{"rendered":"<p>Die neuesten Nachrichten zu unsererem Jubil\u00e4um:<\/p>\n<p style=\"text-align: center;\"><strong>In der Feierwoche haben wir drei umwerfende Abende genossen! <\/strong><\/p>\n<p>Am Dienstag gab es unter dem <strong>Deckmantel &#8222;Akademische Feier&#8220;<\/strong> ein Feuerwerk an Filmen, Musikbeitr\u00e4gen und kurzweiligen Reden. S\u00e4mtliche 140 G\u00e4ste (u.a. die geladenen Sponsoren und VIPs) waren verbl\u00fcfft und begeistert davon, was so eine kleine Schule leisten kann.<\/p>\n<p>Ein Highlight war gewiss die Rede von <strong>Peter Kaestner<\/strong>, der unseren Schirmherrn, das Generalkonsulat der USA, vertrat. Er baute die Br\u00fccke von JFK zu unserer Schule und seine Rede gipfelte in der\u00a0Aussage: &#8222;Wenn JFK heute diese dynamische Schule erleben k\u00f6nnte w\u00fcrde er\u00a0sagen: <strong>Ich bin ein Bad Vilbeler!<\/strong>&#8220;<\/p>\n<p>Beim Sektempfang bekannten mehrere G\u00e4ste, dass sie das erste Mal nach 90 Minuten auf die Uhr\u00a0schauten &#8211; das hei\u00dft, die Zeit verging bis dahin im Fluge.<\/p>\n<p><strong>Der Liederabend <\/strong>am Mittwoch war die erste Steigerung, denn \u00fcber 200 Menschen wollten daran teil haben. Es lohnte sich, denn die Vielfalt an Darbietungen war toll und die Atmosph\u00e4re ausgesprochen\u00a0famili\u00e4r. Wer glaubt, jetzt kann nur noch Mittelma\u00df\u00a0kommen, sah sich get\u00e4uscht.<\/p>\n<p>Am Donnerstag sahen wir die<strong> Premiere des M\u00e4rchen &#8211; Musicals &#8222;Der Teufel mit den drei goldenen Haaren&#8220;. <\/strong>Es ist unglaublich, was begnadete Menschen leisten\u00a0k\u00f6nnen!!!<\/p>\n<p><strong>Ren\u00e9 Di Rienzo<\/strong> hat mit <strong>Sascha Klein<\/strong>, seinem Bruder <strong>Dennis<\/strong> und <strong>Cynthia L\u00f6b &#8211; W\u00fcrschmitt<\/strong> ein St\u00fcck geschaffen, das es so noch niemals gegeben hat. Das I &#8211; T\u00fcpfelchen aber waren die <strong>beteiligten Sch\u00fclerinnen und Sch\u00fcler<\/strong>. Dank der Unterst\u00fctzung des <strong>Rotary Clubs Bad<\/strong> <strong>Vilbel<\/strong> konnten sie unter dem Motto <strong>&#8222;Deutsch zum Anfassen&#8220;<\/strong> zum Lesen der verschiedenen Rollen bef\u00e4higt werden.<\/p>\n<p>Das <strong>Catering <\/strong>wurde an\u00a0allen drei Abenden durch <strong>Kolleginnen und Sch\u00fclerinnen und Sch\u00fcler<\/strong> geleistet. Hierf\u00fcr geb\u00fchrt ihnen allen gr\u00f6\u00dftes Lob und Anerkennung!!!<\/p>\n<p>Unsere Erwartungen an den Samstag wurden erf\u00fcllt, denn der Hof wurde zu einem riesigen Klassentreffen. Zahlreiche Bad Vilbeler haben sich getroffen und sie erlebten mit Sicherheit einen unvergesslichen Nachmittag.<\/p>\n<p>\u00dcbrigens:<\/p>\n<h4><strong>Die &#8222;wall of fame&#8220; mit ihren Messingsternen ist fertig und sieht gro\u00dfartig aus!!!<\/strong><\/h4>\n<p><a href=\"http:\/\/wir-von-der-kennedy.de\/wirvonderkennedyfinal\/wp-content\/uploads\/2015\/03\/P1070431.jpg\"><img loading=\"lazy\" decoding=\"async\" class=\"alignnone size-medium wp-image-5852\" src=\"http:\/\/wir-von-der-kennedy.de\/wirvonderkennedyfinal\/wp-content\/uploads\/2015\/03\/P1070431-225x300.jpg\" alt=\"P1070431\" width=\"225\" height=\"300\" srcset=\"https:\/\/wir-von-der-kennedy.de\/wirvonderkennedyfinal\/wp-content\/uploads\/2015\/03\/P1070431-225x300.jpg 225w, https:\/\/wir-von-der-kennedy.de\/wirvonderkennedyfinal\/wp-content\/uploads\/2015\/03\/P1070431-768x1024.jpg 768w\" sizes=\"auto, (max-width: 225px) 100vw, 225px\" \/><\/a><a href=\"http:\/\/wir-von-der-kennedy.de\/wirvonderkennedyfinal\/wp-content\/uploads\/2015\/03\/P1070386.jpg\"><img loading=\"lazy\" decoding=\"async\" class=\"alignnone size-medium wp-image-5851\" src=\"http:\/\/wir-von-der-kennedy.de\/wirvonderkennedyfinal\/wp-content\/uploads\/2015\/03\/P1070386-300x225.jpg\" alt=\"P1070386\" width=\"300\" height=\"225\" srcset=\"https:\/\/wir-von-der-kennedy.de\/wirvonderkennedyfinal\/wp-content\/uploads\/2015\/03\/P1070386-300x225.jpg 300w, https:\/\/wir-von-der-kennedy.de\/wirvonderkennedyfinal\/wp-content\/uploads\/2015\/03\/P1070386-1024x768.jpg 1024w, https:\/\/wir-von-der-kennedy.de\/wirvonderkennedyfinal\/wp-content\/uploads\/2015\/03\/P1070386-400x300.jpg 400w\" sizes=\"auto, (max-width: 300px) 100vw, 300px\" \/><\/a> <a href=\"http:\/\/wir-von-der-kennedy.de\/wirvonderkennedyfinal\/wp-content\/uploads\/2015\/03\/Wall-of-Fame-30.05.2015.jpg\"><img loading=\"lazy\" decoding=\"async\" class=\"alignnone size-medium wp-image-5820\" src=\"http:\/\/wir-von-der-kennedy.de\/wirvonderkennedyfinal\/wp-content\/uploads\/2015\/03\/Wall-of-Fame-30.05.2015-300x225.jpg\" alt=\"Wall of Fame 30.05.2015\" width=\"300\" height=\"225\" srcset=\"https:\/\/wir-von-der-kennedy.de\/wirvonderkennedyfinal\/wp-content\/uploads\/2015\/03\/Wall-of-Fame-30.05.2015-300x225.jpg 300w, https:\/\/wir-von-der-kennedy.de\/wirvonderkennedyfinal\/wp-content\/uploads\/2015\/03\/Wall-of-Fame-30.05.2015-1024x768.jpg 1024w, https:\/\/wir-von-der-kennedy.de\/wirvonderkennedyfinal\/wp-content\/uploads\/2015\/03\/Wall-of-Fame-30.05.2015-400x300.jpg 400w\" sizes=\"auto, (max-width: 300px) 100vw, 300px\" \/><\/a> <a href=\"http:\/\/wir-von-der-kennedy.de\/wirvonderkennedyfinal\/wp-content\/uploads\/2015\/03\/P1070274.jpg\"><img loading=\"lazy\" decoding=\"async\" class=\"alignnone size-medium wp-image-5846\" src=\"http:\/\/wir-von-der-kennedy.de\/wirvonderkennedyfinal\/wp-content\/uploads\/2015\/03\/P1070274-225x300.jpg\" alt=\"P1070274\" width=\"225\" height=\"300\" srcset=\"https:\/\/wir-von-der-kennedy.de\/wirvonderkennedyfinal\/wp-content\/uploads\/2015\/03\/P1070274-225x300.jpg 225w, https:\/\/wir-von-der-kennedy.de\/wirvonderkennedyfinal\/wp-content\/uploads\/2015\/03\/P1070274-768x1024.jpg 768w\" sizes=\"auto, (max-width: 225px) 100vw, 225px\" \/><\/a> <a href=\"http:\/\/wir-von-der-kennedy.de\/wirvonderkennedyfinal\/wp-content\/uploads\/2015\/03\/P1070265.jpg\"><img loading=\"lazy\" decoding=\"async\" class=\"alignnone size-medium wp-image-5843\" src=\"http:\/\/wir-von-der-kennedy.de\/wirvonderkennedyfinal\/wp-content\/uploads\/2015\/03\/P1070265-225x300.jpg\" alt=\"P1070265\" width=\"225\" height=\"300\" srcset=\"https:\/\/wir-von-der-kennedy.de\/wirvonderkennedyfinal\/wp-content\/uploads\/2015\/03\/P1070265-225x300.jpg 225w, https:\/\/wir-von-der-kennedy.de\/wirvonderkennedyfinal\/wp-content\/uploads\/2015\/03\/P1070265-768x1024.jpg 768w\" sizes=\"auto, (max-width: 225px) 100vw, 225px\" \/><\/a> <a href=\"http:\/\/wir-von-der-kennedy.de\/wirvonderkennedyfinal\/wp-content\/uploads\/2015\/03\/P1070250.jpg\"><img loading=\"lazy\" decoding=\"async\" class=\"alignnone size-medium wp-image-5845\" src=\"http:\/\/wir-von-der-kennedy.de\/wirvonderkennedyfinal\/wp-content\/uploads\/2015\/03\/P1070250-225x300.jpg\" alt=\"P1070250\" width=\"225\" height=\"300\" srcset=\"https:\/\/wir-von-der-kennedy.de\/wirvonderkennedyfinal\/wp-content\/uploads\/2015\/03\/P1070250-225x300.jpg 225w, https:\/\/wir-von-der-kennedy.de\/wirvonderkennedyfinal\/wp-content\/uploads\/2015\/03\/P1070250-768x1024.jpg 768w\" sizes=\"auto, (max-width: 225px) 100vw, 225px\" \/><\/a> <a href=\"http:\/\/wir-von-der-kennedy.de\/wirvonderkennedyfinal\/wp-content\/uploads\/2015\/03\/P1070373.jpg\"><img loading=\"lazy\" decoding=\"async\" class=\"alignnone size-medium wp-image-5849\" src=\"http:\/\/wir-von-der-kennedy.de\/wirvonderkennedyfinal\/wp-content\/uploads\/2015\/03\/P1070373-300x225.jpg\" alt=\"P1070373\" width=\"300\" height=\"225\" srcset=\"https:\/\/wir-von-der-kennedy.de\/wirvonderkennedyfinal\/wp-content\/uploads\/2015\/03\/P1070373-300x225.jpg 300w, https:\/\/wir-von-der-kennedy.de\/wirvonderkennedyfinal\/wp-content\/uploads\/2015\/03\/P1070373-1024x768.jpg 1024w, https:\/\/wir-von-der-kennedy.de\/wirvonderkennedyfinal\/wp-content\/uploads\/2015\/03\/P1070373-400x300.jpg 400w\" sizes=\"auto, (max-width: 300px) 100vw, 300px\" \/><\/a> <a href=\"http:\/\/wir-von-der-kennedy.de\/wirvonderkennedyfinal\/wp-content\/uploads\/2015\/03\/P1070362.jpg\"><img loading=\"lazy\" decoding=\"async\" class=\"alignnone size-medium wp-image-5848\" src=\"http:\/\/wir-von-der-kennedy.de\/wirvonderkennedyfinal\/wp-content\/uploads\/2015\/03\/P1070362-225x300.jpg\" alt=\"P1070362\" width=\"225\" height=\"300\" srcset=\"https:\/\/wir-von-der-kennedy.de\/wirvonderkennedyfinal\/wp-content\/uploads\/2015\/03\/P1070362-225x300.jpg 225w, https:\/\/wir-von-der-kennedy.de\/wirvonderkennedyfinal\/wp-content\/uploads\/2015\/03\/P1070362-768x1024.jpg 768w\" sizes=\"auto, (max-width: 225px) 100vw, 225px\" \/><\/a><\/p>\n","protected":false},"excerpt":{"rendered":"<p>Die neuesten Nachrichten zu unsererem Jubil\u00e4um: In der Feierwoche haben wir drei umwerfende Abende genossen! Am Dienstag gab es unter dem Deckmantel &#8222;Akademische Feier&#8220; ein Feuerwerk an Filmen, Musikbeitr\u00e4gen und kurzweiligen Reden. S\u00e4mtliche 140 G\u00e4ste (u.a. die geladenen Sponsoren und VIPs) waren verbl\u00fcfft und begeistert davon, was so eine kleine Schule leisten kann. Ein Highlight&#8230; <\/p>\n<div class=\"clear\"><\/div>\n<p><a href=\"https:\/\/wir-von-der-kennedy.de\/wirvonderkennedyfinal\/50-jahre-jfk\/\" class=\"gdlr-info-font excerpt-read-more\">Read More<\/a><\/p>\n","protected":false},"author":3,"featured_media":0,"comment_status":"open","ping_status":"closed","sticky":false,"template":"","format":"standard","meta":{"_crdt_document":"","footnotes":""},"categories":[1],"tags":[],"class_list":["post-5856","post","type-post","status-publish","format-standard","hentry","category-allgemein"],"_links":{"self":[{"href":"https:\/\/wir-von-der-kennedy.de\/wirvonderkennedyfinal\/wp-json\/wp\/v2\/posts\/5856","targetHints":{"allow":["GET"]}}],"collection":[{"href":"https:\/\/wir-von-der-kennedy.de\/wirvonderkennedyfinal\/wp-json\/wp\/v2\/posts"}],"about":[{"href":"https:\/\/wir-von-der-kennedy.de\/wirvonderkennedyfinal\/wp-json\/wp\/v2\/types\/post"}],"author":[{"embeddable":true,"href":"https:\/\/wir-von-der-kennedy.de\/wirvonderkennedyfinal\/wp-json\/wp\/v2\/users\/3"}],"replies":[{"embeddable":true,"href":"https:\/\/wir-von-der-kennedy.de\/wirvonderkennedyfinal\/wp-json\/wp\/v2\/comments?post=5856"}],"version-history":[{"count":5,"href":"https:\/\/wir-von-der-kennedy.de\/wirvonderkennedyfinal\/wp-json\/wp\/v2\/posts\/5856\/revisions"}],"predecessor-version":[{"id":9871,"href":"https:\/\/wir-von-der-kennedy.de\/wirvonderkennedyfinal\/wp-json\/wp\/v2\/posts\/5856\/revisions\/9871"}],"wp:attachment":[{"href":"https:\/\/wir-von-der-kennedy.de\/wirvonderkennedyfinal\/wp-json\/wp\/v2\/media?parent=5856"}],"wp:term":[{"taxonomy":"category","embeddable":true,"href":"https:\/\/wir-von-der-kennedy.de\/wirvonderkennedyfinal\/wp-json\/wp\/v2\/categories?post=5856"},{"taxonomy":"post_tag","embeddable":true,"href":"https:\/\/wir-von-der-kennedy.de\/wirvonderkennedyfinal\/wp-json\/wp\/v2\/tags?post=5856"}],"curies":[{"name":"wp","href":"https:\/\/api.w.org\/{rel}","templated":true}]}}