{"id":6688,"date":"2016-07-18T21:01:34","date_gmt":"2016-07-18T19:01:34","guid":{"rendered":"http:\/\/wir-von-der-kennedy.de\/wirvonderkennedyfinal\/?p=6688"},"modified":"2016-07-18T21:02:23","modified_gmt":"2016-07-18T19:02:23","slug":"wichtige-termine","status":"publish","type":"post","link":"https:\/\/wir-von-der-kennedy.de\/wirvonderkennedyfinal\/wichtige-termine\/","title":{"rendered":"Wichtige Termine"},"content":{"rendered":"<p><span style=\"font-family: 'Arial',sans-serif; color: #333333;\">Ab sofort sind auf der Seite &#8222;Termine Schuljahr 2016 \/ 2017&#8220; f\u00fcr Sch\u00fcler und Eltern alle wichtigen Termine einsehbar: von der Einschulung der F\u00fcnftkl\u00e4ssler \u00fcber die beweglichen Ferientage bis hin zu den Abschlussarbeiten der Klassen 9H und 10R.<\/span><\/p>\n<p>[ <a href=\"http:\/\/wir-von-der-kennedy.de\/wirvonderkennedyfinal\/eltern\/termine\">http:\/\/wir-von-der-kennedy.de\/wirvonderkennedyfinal\/eltern\/termine<\/a> ]<\/p>\n","protected":false},"excerpt":{"rendered":"<p>Ab sofort sind auf der Seite &#8222;Termine Schuljahr 2016 \/ 2017&#8220; f\u00fcr Sch\u00fcler und Eltern alle wichtigen Termine einsehbar: von der Einschulung der F\u00fcnftkl\u00e4ssler \u00fcber die beweglichen Ferientage bis hin zu den Abschlussarbeiten der Klassen 9H und 10R. [ http:\/\/wir-von-der-kennedy.de\/wirvonderkennedyfinal\/eltern\/termine ]<\/p>\n","protected":false},"author":2,"featured_media":0,"comment_status":"open","ping_status":"closed","sticky":false,"template":"","format":"standard","meta":{"_crdt_document":"","footnotes":""},"categories":[1],"tags":[],"class_list":["post-6688","post","type-post","status-publish","format-standard","hentry","category-allgemein"],"_links":{"self":[{"href":"https:\/\/wir-von-der-kennedy.de\/wirvonderkennedyfinal\/wp-json\/wp\/v2\/posts\/6688","targetHints":{"allow":["GET"]}}],"collection":[{"href":"https:\/\/wir-von-der-kennedy.de\/wirvonderkennedyfinal\/wp-json\/wp\/v2\/posts"}],"about":[{"href":"https:\/\/wir-von-der-kennedy.de\/wirvonderkennedyfinal\/wp-json\/wp\/v2\/types\/post"}],"author":[{"embeddable":true,"href":"https:\/\/wir-von-der-kennedy.de\/wirvonderkennedyfinal\/wp-json\/wp\/v2\/users\/2"}],"replies":[{"embeddable":true,"href":"https:\/\/wir-von-der-kennedy.de\/wirvonderkennedyfinal\/wp-json\/wp\/v2\/comments?post=6688"}],"version-history":[{"count":2,"href":"https:\/\/wir-von-der-kennedy.de\/wirvonderkennedyfinal\/wp-json\/wp\/v2\/posts\/6688\/revisions"}],"predecessor-version":[{"id":6690,"href":"https:\/\/wir-von-der-kennedy.de\/wirvonderkennedyfinal\/wp-json\/wp\/v2\/posts\/6688\/revisions\/6690"}],"wp:attachment":[{"href":"https:\/\/wir-von-der-kennedy.de\/wirvonderkennedyfinal\/wp-json\/wp\/v2\/media?parent=6688"}],"wp:term":[{"taxonomy":"category","embeddable":true,"href":"https:\/\/wir-von-der-kennedy.de\/wirvonderkennedyfinal\/wp-json\/wp\/v2\/categories?post=6688"},{"taxonomy":"post_tag","embeddable":true,"href":"https:\/\/wir-von-der-kennedy.de\/wirvonderkennedyfinal\/wp-json\/wp\/v2\/tags?post=6688"}],"curies":[{"name":"wp","href":"https:\/\/api.w.org\/{rel}","templated":true}]}}