{"id":6840,"date":"2016-10-11T14:17:41","date_gmt":"2016-10-11T12:17:41","guid":{"rendered":"http:\/\/wir-von-der-kennedy.de\/wirvonderkennedyfinal\/?p=6840"},"modified":"2016-11-11T11:07:42","modified_gmt":"2016-11-11T10:07:42","slug":"tag-der-berufsorientierung-fuer-abgangsklassen-9-und-10","status":"publish","type":"post","link":"https:\/\/wir-von-der-kennedy.de\/wirvonderkennedyfinal\/tag-der-berufsorientierung-fuer-abgangsklassen-9-und-10\/","title":{"rendered":"Tag der Berufsorientierung f\u00fcr Abgangsklassen 9 und 10"},"content":{"rendered":"<p>Berufsorientierung geh\u00f6rt schon lange zum Profil der John-F.-Kennedy-Schule und findet in vielen Bereichen statt.<\/p>\n<p>In Zusammenarbeit mit der Agentur f\u00fcr Arbeit, die in Person von Frau Jutta Jockel eine 14-t\u00e4gige regelm\u00e4\u00dfig stattfindende Berufsberatung durchf\u00fchrt, bot die John-F.-Kennedy-Schule den Abgangsklassen an diesem Tag die M\u00f6glichkeit sich sowohl \u00fcber noch offene Stellenangebote als auch \u00fcber Ausbildungsm\u00f6glichkeiten zu informieren.<\/p>\n<p>Die Sch\u00fclerinnen und Sch\u00fcler durchliefen im Halbstundentakt mit ihren Klassenlehrkr\u00e4ften die einzelnen Stationen, die sich verteilt auf das Geb\u00e4ude in den Klassenr\u00e4umen befanden.<\/p>\n<p>Beginn war um 8.30 Uhr Zum Ende der Veranstaltung konnten die Sch\u00fclerinnen und Sch\u00fcler sich noch einmal individuell informieren.<\/p>\n<p>Folgende Einrichtungen haben \u00fcber ihre Ausbildungsm\u00f6glichkeiten informiert:<\/p>\n<p><a href=\"http:\/\/wir-von-der-kennedy.de\/wirvonderkennedyfinal\/wp-content\/uploads\/2016\/10\/TdBo-2016-Grafik-1.bmp\"><img loading=\"lazy\" decoding=\"async\" class=\"alignnone wp-image-6841\" src=\"http:\/\/wir-von-der-kennedy.de\/wirvonderkennedyfinal\/wp-content\/uploads\/2016\/10\/TdBo-2016-Grafik-1.bmp\" alt=\"tdbo-2016-grafik-1\" width=\"600\" height=\"337\" \/><\/a><\/p>\n<p>Das breitgestreute Angebot stie\u00df auf gro\u00dfes Interesse bei den Sch\u00fclerinnen und Sch\u00fclern. Auch die Klassenlehrkr\u00e4fte zeigten sich begeistert und waren erfreut das Neueste \u00fcber die berufliche Ausbildung aus erster Hand zu erfahren.<\/p>\n<p>Besonders erfreulich in diesem Jahr war, dass die Deutsche Bundesbahn und Brillux zwei Auszubildende pr\u00e4sentierten, die den Sch\u00fclerinnen und Sch\u00fclern sehr bekannt vorkamen.<\/p>\n<p>G\u00fclsah Y. und Moritz v., zwei ehemalige JFK\u2018ler, haben n\u00e4mlich am Tag der Berufsorientierung 2015 in der Schule erste Kontakte mit ihrem aktuellen Ausbildungsbetrieb gekn\u00fcpft.<\/p>\n<p>Eben echt JFK \u2013 wir machen fit f\u00fcrs Leben!<\/p>\n<p>Manfred Ochs \u2013 Konrektor u. OloV Schulkoordinator \u2013<\/p>\n<p>&nbsp;<\/p>\n<p>&nbsp;<\/p>\n","protected":false},"excerpt":{"rendered":"<p>Berufsorientierung geh\u00f6rt schon lange zum Profil der John-F.-Kennedy-Schule und findet in vielen Bereichen statt. In Zusammenarbeit mit der Agentur f\u00fcr Arbeit, die in Person von Frau Jutta Jockel eine 14-t\u00e4gige regelm\u00e4\u00dfig stattfindende Berufsberatung durchf\u00fchrt, bot die John-F.-Kennedy-Schule den Abgangsklassen an diesem Tag die M\u00f6glichkeit sich sowohl \u00fcber noch offene Stellenangebote als auch \u00fcber Ausbildungsm\u00f6glichkeiten zu&#8230; <\/p>\n<div class=\"clear\"><\/div>\n<p><a href=\"https:\/\/wir-von-der-kennedy.de\/wirvonderkennedyfinal\/tag-der-berufsorientierung-fuer-abgangsklassen-9-und-10\/\" class=\"gdlr-info-font excerpt-read-more\">Read More<\/a><\/p>\n","protected":false},"author":2,"featured_media":0,"comment_status":"open","ping_status":"closed","sticky":false,"template":"","format":"standard","meta":{"_crdt_document":"","footnotes":""},"categories":[1],"tags":[],"class_list":["post-6840","post","type-post","status-publish","format-standard","hentry","category-allgemein"],"_links":{"self":[{"href":"https:\/\/wir-von-der-kennedy.de\/wirvonderkennedyfinal\/wp-json\/wp\/v2\/posts\/6840","targetHints":{"allow":["GET"]}}],"collection":[{"href":"https:\/\/wir-von-der-kennedy.de\/wirvonderkennedyfinal\/wp-json\/wp\/v2\/posts"}],"about":[{"href":"https:\/\/wir-von-der-kennedy.de\/wirvonderkennedyfinal\/wp-json\/wp\/v2\/types\/post"}],"author":[{"embeddable":true,"href":"https:\/\/wir-von-der-kennedy.de\/wirvonderkennedyfinal\/wp-json\/wp\/v2\/users\/2"}],"replies":[{"embeddable":true,"href":"https:\/\/wir-von-der-kennedy.de\/wirvonderkennedyfinal\/wp-json\/wp\/v2\/comments?post=6840"}],"version-history":[{"count":5,"href":"https:\/\/wir-von-der-kennedy.de\/wirvonderkennedyfinal\/wp-json\/wp\/v2\/posts\/6840\/revisions"}],"predecessor-version":[{"id":6844,"href":"https:\/\/wir-von-der-kennedy.de\/wirvonderkennedyfinal\/wp-json\/wp\/v2\/posts\/6840\/revisions\/6844"}],"wp:attachment":[{"href":"https:\/\/wir-von-der-kennedy.de\/wirvonderkennedyfinal\/wp-json\/wp\/v2\/media?parent=6840"}],"wp:term":[{"taxonomy":"category","embeddable":true,"href":"https:\/\/wir-von-der-kennedy.de\/wirvonderkennedyfinal\/wp-json\/wp\/v2\/categories?post=6840"},{"taxonomy":"post_tag","embeddable":true,"href":"https:\/\/wir-von-der-kennedy.de\/wirvonderkennedyfinal\/wp-json\/wp\/v2\/tags?post=6840"}],"curies":[{"name":"wp","href":"https:\/\/api.w.org\/{rel}","templated":true}]}}