{"id":7319,"date":"2017-06-20T12:02:50","date_gmt":"2017-06-20T10:02:50","guid":{"rendered":"http:\/\/wir-von-der-kennedy.de\/wirvonderkennedyfinal\/?p=7319"},"modified":"2017-06-27T17:29:16","modified_gmt":"2017-06-27T15:29:16","slug":"praevention-zum-thema-mobbing","status":"publish","type":"post","link":"https:\/\/wir-von-der-kennedy.de\/wirvonderkennedyfinal\/praevention-zum-thema-mobbing\/","title":{"rendered":"Pr\u00e4vention zum Thema &#8222;Mobbing&#8220;"},"content":{"rendered":"<p>Wenn eine ehemalige Sch\u00fclerin der JFK den Kindern der sechs F\u00f6rderstufen-Klassen zum Thema &#8222;Mobbing&#8220; etwas zu erz\u00e4hlen hat, h\u00f6ren alle zu. Unterst\u00fctzt von den Streitschlichtern unserer Schule ging es am 12. und 13. Juni 2017 vor allem um die Frage, wo Betroffene sich Hilfe suchen sollten.<\/p>\n<p>Mehr unter:<\/p>\n<p><a href=\"http:\/\/wir-von-der-kennedy.de\/wirvonderkennedyfinal\/schuljahr-20162017-2-halbjahr\/\">http:\/\/wir-von-der-kennedy.de\/wirvonderkennedyfinal\/schuljahr-20162017-2-halbjahr\/<\/a><\/p>\n<p><a href=\"http:\/\/wir-von-der-kennedy.de\/wirvonderkennedyfinal\/wp-content\/uploads\/2017\/02\/Mobbing-2-1.jpg\"><img loading=\"lazy\" decoding=\"async\" class=\"alignnone wp-image-7372\" src=\"http:\/\/wir-von-der-kennedy.de\/wirvonderkennedyfinal\/wp-content\/uploads\/2017\/02\/Mobbing-2-1-300x200.jpg\" alt=\"\" width=\"500\" height=\"333\" srcset=\"https:\/\/wir-von-der-kennedy.de\/wirvonderkennedyfinal\/wp-content\/uploads\/2017\/02\/Mobbing-2-1-300x200.jpg 300w, https:\/\/wir-von-der-kennedy.de\/wirvonderkennedyfinal\/wp-content\/uploads\/2017\/02\/Mobbing-2-1-768x512.jpg 768w, https:\/\/wir-von-der-kennedy.de\/wirvonderkennedyfinal\/wp-content\/uploads\/2017\/02\/Mobbing-2-1.jpg 1024w\" sizes=\"auto, (max-width: 500px) 100vw, 500px\" \/><\/a><\/p>\n","protected":false},"excerpt":{"rendered":"<p>Wenn eine ehemalige Sch\u00fclerin der JFK den Kindern der sechs F\u00f6rderstufen-Klassen zum Thema &#8222;Mobbing&#8220; etwas zu erz\u00e4hlen hat, h\u00f6ren alle zu. Unterst\u00fctzt von den Streitschlichtern unserer Schule ging es am 12. und 13. Juni 2017 vor allem um die Frage, wo Betroffene sich Hilfe suchen sollten. Mehr unter: http:\/\/wir-von-der-kennedy.de\/wirvonderkennedyfinal\/schuljahr-20162017-2-halbjahr\/<\/p>\n","protected":false},"author":2,"featured_media":0,"comment_status":"open","ping_status":"closed","sticky":false,"template":"","format":"standard","meta":{"_crdt_document":"","footnotes":""},"categories":[1],"tags":[],"class_list":["post-7319","post","type-post","status-publish","format-standard","hentry","category-allgemein"],"_links":{"self":[{"href":"https:\/\/wir-von-der-kennedy.de\/wirvonderkennedyfinal\/wp-json\/wp\/v2\/posts\/7319","targetHints":{"allow":["GET"]}}],"collection":[{"href":"https:\/\/wir-von-der-kennedy.de\/wirvonderkennedyfinal\/wp-json\/wp\/v2\/posts"}],"about":[{"href":"https:\/\/wir-von-der-kennedy.de\/wirvonderkennedyfinal\/wp-json\/wp\/v2\/types\/post"}],"author":[{"embeddable":true,"href":"https:\/\/wir-von-der-kennedy.de\/wirvonderkennedyfinal\/wp-json\/wp\/v2\/users\/2"}],"replies":[{"embeddable":true,"href":"https:\/\/wir-von-der-kennedy.de\/wirvonderkennedyfinal\/wp-json\/wp\/v2\/comments?post=7319"}],"version-history":[{"count":5,"href":"https:\/\/wir-von-der-kennedy.de\/wirvonderkennedyfinal\/wp-json\/wp\/v2\/posts\/7319\/revisions"}],"predecessor-version":[{"id":7374,"href":"https:\/\/wir-von-der-kennedy.de\/wirvonderkennedyfinal\/wp-json\/wp\/v2\/posts\/7319\/revisions\/7374"}],"wp:attachment":[{"href":"https:\/\/wir-von-der-kennedy.de\/wirvonderkennedyfinal\/wp-json\/wp\/v2\/media?parent=7319"}],"wp:term":[{"taxonomy":"category","embeddable":true,"href":"https:\/\/wir-von-der-kennedy.de\/wirvonderkennedyfinal\/wp-json\/wp\/v2\/categories?post=7319"},{"taxonomy":"post_tag","embeddable":true,"href":"https:\/\/wir-von-der-kennedy.de\/wirvonderkennedyfinal\/wp-json\/wp\/v2\/tags?post=7319"}],"curies":[{"name":"wp","href":"https:\/\/api.w.org\/{rel}","templated":true}]}}