{"id":7485,"date":"2018-01-20T16:28:50","date_gmt":"2018-01-20T15:28:50","guid":{"rendered":"http:\/\/wir-von-der-kennedy.de\/wirvonderkennedyfinal\/?p=7485"},"modified":"2018-01-30T16:38:44","modified_gmt":"2018-01-30T15:38:44","slug":"save-the-date-tag-der-offenen-tuer","status":"publish","type":"post","link":"https:\/\/wir-von-der-kennedy.de\/wirvonderkennedyfinal\/save-the-date-tag-der-offenen-tuer\/","title":{"rendered":"Fotos vom &#8222;Tag der offenen T\u00fcr&#8220; am 20. Januar 2018"},"content":{"rendered":"<p>Lag es an der lockeren Art des Schulleiters bei der Begr\u00fc\u00dfung, der Musik von \u201eRadio JFK\u201c, dem umfangreichen kulinarischen Angebot, den witzigen Filmchen in der Aula oder der guten Laune der zahlreichen Sch\u00fclerinnen und Sch\u00fcler und Lehrerinnen und Lehrer, die am <strong>Tag der offenen T\u00fcr<\/strong> ihre Schule pr\u00e4sentierten? Die Stimmung war jedenfalls bestens und so mancher Besucher staunte \u00fcber das gute Klima und vertrauensvolle Miteinander an der JFK.\u00a0Und auch das Januar-Wetter spielte mit: kein Regen, kein Schneegest\u00f6ber und zum Gl\u00fcck auch kein Sturm ? ! Jede Menge Fotos gibt es in der &#8222;Bildergalerie&#8220; unter &#8222;Sch\u00fclerzeitung&#8220;. Oder einfach unter <a href=\"http:\/\/wir-von-der-kennedy.de\/wirvonderkennedyfinal\/fotos-vom-tag-der-offenen-tuer-am-20-01-2018\/\">Fotos vom &#8222;Tag der offenen T\u00fcr&#8220;<\/a>.<\/p>\n<p>&nbsp;<\/p>\n<p><a href=\"http:\/\/wir-von-der-kennedy.de\/wirvonderkennedyfinal\/wp-content\/uploads\/2017\/09\/Programm-2017-2018.pdf-Adobe-Acrobat-Reader-DC-15.01.2018-18_13_30.jpg\"><img loading=\"lazy\" decoding=\"async\" class=\"alignnone wp-image-7828 size-full\" src=\"http:\/\/wir-von-der-kennedy.de\/wirvonderkennedyfinal\/wp-content\/uploads\/2017\/09\/Programm-2017-2018.pdf-Adobe-Acrobat-Reader-DC-15.01.2018-18_13_30.jpg\" alt=\"\" width=\"642\" height=\"896\" srcset=\"https:\/\/wir-von-der-kennedy.de\/wirvonderkennedyfinal\/wp-content\/uploads\/2017\/09\/Programm-2017-2018.pdf-Adobe-Acrobat-Reader-DC-15.01.2018-18_13_30.jpg 642w, https:\/\/wir-von-der-kennedy.de\/wirvonderkennedyfinal\/wp-content\/uploads\/2017\/09\/Programm-2017-2018.pdf-Adobe-Acrobat-Reader-DC-15.01.2018-18_13_30-215x300.jpg 215w\" sizes=\"auto, (max-width: 642px) 100vw, 642px\" \/><\/a><\/p>\n<p><span style=\"color: #ccffff;\"><a href=\"http:\/\/wir-von-der-kennedy.de\/wirvonderkennedyfinal\/wp-content\/uploads\/2018\/01\/Programm-2017-2018.pdf\">Programm als pdf<\/a><\/span><\/p>\n","protected":false},"excerpt":{"rendered":"<p>Lag es an der lockeren Art des Schulleiters bei der Begr\u00fc\u00dfung, der Musik von \u201eRadio JFK\u201c, dem umfangreichen kulinarischen Angebot, den witzigen Filmchen in der Aula oder der guten Laune der zahlreichen Sch\u00fclerinnen und Sch\u00fcler und Lehrerinnen und Lehrer, die am Tag der offenen T\u00fcr ihre Schule pr\u00e4sentierten? Die Stimmung war jedenfalls bestens und so&#8230; <\/p>\n<div class=\"clear\"><\/div>\n<p><a href=\"https:\/\/wir-von-der-kennedy.de\/wirvonderkennedyfinal\/save-the-date-tag-der-offenen-tuer\/\" class=\"gdlr-info-font excerpt-read-more\">Read More<\/a><\/p>\n","protected":false},"author":2,"featured_media":0,"comment_status":"open","ping_status":"closed","sticky":false,"template":"","format":"standard","meta":{"_crdt_document":"","footnotes":""},"categories":[1],"tags":[],"class_list":["post-7485","post","type-post","status-publish","format-standard","hentry","category-allgemein"],"_links":{"self":[{"href":"https:\/\/wir-von-der-kennedy.de\/wirvonderkennedyfinal\/wp-json\/wp\/v2\/posts\/7485","targetHints":{"allow":["GET"]}}],"collection":[{"href":"https:\/\/wir-von-der-kennedy.de\/wirvonderkennedyfinal\/wp-json\/wp\/v2\/posts"}],"about":[{"href":"https:\/\/wir-von-der-kennedy.de\/wirvonderkennedyfinal\/wp-json\/wp\/v2\/types\/post"}],"author":[{"embeddable":true,"href":"https:\/\/wir-von-der-kennedy.de\/wirvonderkennedyfinal\/wp-json\/wp\/v2\/users\/2"}],"replies":[{"embeddable":true,"href":"https:\/\/wir-von-der-kennedy.de\/wirvonderkennedyfinal\/wp-json\/wp\/v2\/comments?post=7485"}],"version-history":[{"count":15,"href":"https:\/\/wir-von-der-kennedy.de\/wirvonderkennedyfinal\/wp-json\/wp\/v2\/posts\/7485\/revisions"}],"predecessor-version":[{"id":7911,"href":"https:\/\/wir-von-der-kennedy.de\/wirvonderkennedyfinal\/wp-json\/wp\/v2\/posts\/7485\/revisions\/7911"}],"wp:attachment":[{"href":"https:\/\/wir-von-der-kennedy.de\/wirvonderkennedyfinal\/wp-json\/wp\/v2\/media?parent=7485"}],"wp:term":[{"taxonomy":"category","embeddable":true,"href":"https:\/\/wir-von-der-kennedy.de\/wirvonderkennedyfinal\/wp-json\/wp\/v2\/categories?post=7485"},{"taxonomy":"post_tag","embeddable":true,"href":"https:\/\/wir-von-der-kennedy.de\/wirvonderkennedyfinal\/wp-json\/wp\/v2\/tags?post=7485"}],"curies":[{"name":"wp","href":"https:\/\/api.w.org\/{rel}","templated":true}]}}