{"id":7737,"date":"2017-12-01T17:41:37","date_gmt":"2017-12-01T16:41:37","guid":{"rendered":"http:\/\/wir-von-der-kennedy.de\/wirvonderkennedyfinal\/?p=7737"},"modified":"2017-12-03T19:57:37","modified_gmt":"2017-12-03T18:57:37","slug":"jfk-radio-adventskalender-startet","status":"publish","type":"post","link":"https:\/\/wir-von-der-kennedy.de\/wirvonderkennedyfinal\/jfk-radio-adventskalender-startet\/","title":{"rendered":"JFK-Radio-Adventskalender \u00f6ffnet seine T\u00fcrchen!"},"content":{"rendered":"<p>P\u00fcnktlich zum Beginn des Dezember \u00f6ffnen sich dieses Jahr zum ersten Mal auch die &#8222;T\u00fcrchen&#8220; des Radio-JFK-Adventskalenders. An jedem Schultag wird \u00fcber die Lautsprecheranlage um 12:27 Uhr ein kleines R\u00e4tsel gestellt. Wer glaubt, das R\u00e4tsel gel\u00f6st zu haben, wirft seinen Teilnahmeschein bis 13:45 Uhr in die daf\u00fcr extra aufgestellte Box in der Mensa. Die Moderatoren Joy und David von Radio JFK geben dann tags drauf den Gewinner oder die Gewinnerin bekannt! \ud83d\ude42<\/p>\n<p>Radio-JFK- Adventskalender vom 1. Dezember 2017:<\/p>\n<audio class=\"wp-audio-shortcode\" id=\"audio-7737-1\" preload=\"none\" style=\"width: 100%;\" controls=\"controls\"><source type=\"audio\/mpeg\" src=\"http:\/\/wir-von-der-kennedy.de\/wirvonderkennedyfinal\/wp-content\/uploads\/2017\/12\/1.-Dezember.mp3?_=1\" \/><a href=\"http:\/\/wir-von-der-kennedy.de\/wirvonderkennedyfinal\/wp-content\/uploads\/2017\/12\/1.-Dezember.mp3\">http:\/\/wir-von-der-kennedy.de\/wirvonderkennedyfinal\/wp-content\/uploads\/2017\/12\/1.-Dezember.mp3<\/a><\/audio>\n<p>&nbsp;<\/p>\n<p>Mehr zum Radio-Projekt der JFK:<\/p>\n<p><a href=\"http:\/\/wir-von-der-kennedy.de\/wirvonderkennedyfinal\/radio-jfk-das-schueler-radio\/\">http:\/\/wir-von-der-kennedy.de\/wirvonderkennedyfinal\/radio-jfk-das-schueler-radio\/<\/a><\/p>\n<p>&nbsp;<\/p>\n","protected":false},"excerpt":{"rendered":"<p>P\u00fcnktlich zum Beginn des Dezember \u00f6ffnen sich dieses Jahr zum ersten Mal auch die &#8222;T\u00fcrchen&#8220; des Radio-JFK-Adventskalenders. An jedem Schultag wird \u00fcber die Lautsprecheranlage um 12:27 Uhr ein kleines R\u00e4tsel gestellt. Wer glaubt, das R\u00e4tsel gel\u00f6st zu haben, wirft seinen Teilnahmeschein bis 13:45 Uhr in die daf\u00fcr extra aufgestellte Box in der Mensa. Die Moderatoren&#8230; <\/p>\n<div class=\"clear\"><\/div>\n<p><a href=\"https:\/\/wir-von-der-kennedy.de\/wirvonderkennedyfinal\/jfk-radio-adventskalender-startet\/\" class=\"gdlr-info-font excerpt-read-more\">Read More<\/a><\/p>\n","protected":false},"author":2,"featured_media":0,"comment_status":"closed","ping_status":"closed","sticky":false,"template":"","format":"standard","meta":{"_crdt_document":"","footnotes":""},"categories":[1],"tags":[],"class_list":["post-7737","post","type-post","status-publish","format-standard","hentry","category-allgemein"],"_links":{"self":[{"href":"https:\/\/wir-von-der-kennedy.de\/wirvonderkennedyfinal\/wp-json\/wp\/v2\/posts\/7737","targetHints":{"allow":["GET"]}}],"collection":[{"href":"https:\/\/wir-von-der-kennedy.de\/wirvonderkennedyfinal\/wp-json\/wp\/v2\/posts"}],"about":[{"href":"https:\/\/wir-von-der-kennedy.de\/wirvonderkennedyfinal\/wp-json\/wp\/v2\/types\/post"}],"author":[{"embeddable":true,"href":"https:\/\/wir-von-der-kennedy.de\/wirvonderkennedyfinal\/wp-json\/wp\/v2\/users\/2"}],"replies":[{"embeddable":true,"href":"https:\/\/wir-von-der-kennedy.de\/wirvonderkennedyfinal\/wp-json\/wp\/v2\/comments?post=7737"}],"version-history":[{"count":6,"href":"https:\/\/wir-von-der-kennedy.de\/wirvonderkennedyfinal\/wp-json\/wp\/v2\/posts\/7737\/revisions"}],"predecessor-version":[{"id":7744,"href":"https:\/\/wir-von-der-kennedy.de\/wirvonderkennedyfinal\/wp-json\/wp\/v2\/posts\/7737\/revisions\/7744"}],"wp:attachment":[{"href":"https:\/\/wir-von-der-kennedy.de\/wirvonderkennedyfinal\/wp-json\/wp\/v2\/media?parent=7737"}],"wp:term":[{"taxonomy":"category","embeddable":true,"href":"https:\/\/wir-von-der-kennedy.de\/wirvonderkennedyfinal\/wp-json\/wp\/v2\/categories?post=7737"},{"taxonomy":"post_tag","embeddable":true,"href":"https:\/\/wir-von-der-kennedy.de\/wirvonderkennedyfinal\/wp-json\/wp\/v2\/tags?post=7737"}],"curies":[{"name":"wp","href":"https:\/\/api.w.org\/{rel}","templated":true}]}}