{"id":8100,"date":"2018-03-23T18:59:12","date_gmt":"2018-03-23T17:59:12","guid":{"rendered":"http:\/\/wir-von-der-kennedy.de\/wirvonderkennedyfinal\/?p=8100"},"modified":"2018-03-25T11:33:50","modified_gmt":"2018-03-25T09:33:50","slug":"mit-einer-extra-portion-kultur-in-die-osterferien","status":"publish","type":"post","link":"https:\/\/wir-von-der-kennedy.de\/wirvonderkennedyfinal\/mit-einer-extra-portion-kultur-in-die-osterferien\/","title":{"rendered":"Mit einer Extra-Portion Kultur in die Osterferien!"},"content":{"rendered":"<p>Im Rahmen ihres Musik-Projektes besuchten die Klassen 8e und 9d noch kurz vor Beginn der Osterferien mit ihren Lehrern Alexander Andr\u00e9 und Ren\u00e9 Di Rienzo den Hessischen Rundfunk in Frankfurt. H\u00f6hepunkt war nat\u00fcrlich am sp\u00e4ten Nachmittag des 23. M\u00e4rz der Soundcheck der &#8222;hr Big Band&#8220; mit dem Jazz-Musiker Richard Bona aus Kamerun (siehe Video). Danach ging es in die wohlverdienten Ferien!<\/p>\n<div style=\"width: 848px;\" class=\"wp-video\"><video class=\"wp-video-shortcode\" id=\"video-8100-1\" width=\"848\" height=\"480\" preload=\"metadata\" controls=\"controls\"><source type=\"video\/mp4\" src=\"http:\/\/wir-von-der-kennedy.de\/wirvonderkennedyfinal\/wp-content\/uploads\/2018\/03\/VID-20180323-WA0000.mp4?_=1\" \/><a href=\"http:\/\/wir-von-der-kennedy.de\/wirvonderkennedyfinal\/wp-content\/uploads\/2018\/03\/VID-20180323-WA0000.mp4\">http:\/\/wir-von-der-kennedy.de\/wirvonderkennedyfinal\/wp-content\/uploads\/2018\/03\/VID-20180323-WA0000.mp4<\/a><\/video><\/div>\n","protected":false},"excerpt":{"rendered":"<p>Im Rahmen ihres Musik-Projektes besuchten die Klassen 8e und 9d noch kurz vor Beginn der Osterferien mit ihren Lehrern Alexander Andr\u00e9 und Ren\u00e9 Di Rienzo den Hessischen Rundfunk in Frankfurt. H\u00f6hepunkt war nat\u00fcrlich am sp\u00e4ten Nachmittag des 23. M\u00e4rz der Soundcheck der &#8222;hr Big Band&#8220; mit dem Jazz-Musiker Richard Bona aus Kamerun (siehe Video). Danach&#8230; <\/p>\n<div class=\"clear\"><\/div>\n<p><a href=\"https:\/\/wir-von-der-kennedy.de\/wirvonderkennedyfinal\/mit-einer-extra-portion-kultur-in-die-osterferien\/\" class=\"gdlr-info-font excerpt-read-more\">Read More<\/a><\/p>\n","protected":false},"author":2,"featured_media":0,"comment_status":"closed","ping_status":"closed","sticky":false,"template":"","format":"standard","meta":{"_crdt_document":"","footnotes":""},"categories":[1],"tags":[],"class_list":["post-8100","post","type-post","status-publish","format-standard","hentry","category-allgemein"],"_links":{"self":[{"href":"https:\/\/wir-von-der-kennedy.de\/wirvonderkennedyfinal\/wp-json\/wp\/v2\/posts\/8100","targetHints":{"allow":["GET"]}}],"collection":[{"href":"https:\/\/wir-von-der-kennedy.de\/wirvonderkennedyfinal\/wp-json\/wp\/v2\/posts"}],"about":[{"href":"https:\/\/wir-von-der-kennedy.de\/wirvonderkennedyfinal\/wp-json\/wp\/v2\/types\/post"}],"author":[{"embeddable":true,"href":"https:\/\/wir-von-der-kennedy.de\/wirvonderkennedyfinal\/wp-json\/wp\/v2\/users\/2"}],"replies":[{"embeddable":true,"href":"https:\/\/wir-von-der-kennedy.de\/wirvonderkennedyfinal\/wp-json\/wp\/v2\/comments?post=8100"}],"version-history":[{"count":2,"href":"https:\/\/wir-von-der-kennedy.de\/wirvonderkennedyfinal\/wp-json\/wp\/v2\/posts\/8100\/revisions"}],"predecessor-version":[{"id":8106,"href":"https:\/\/wir-von-der-kennedy.de\/wirvonderkennedyfinal\/wp-json\/wp\/v2\/posts\/8100\/revisions\/8106"}],"wp:attachment":[{"href":"https:\/\/wir-von-der-kennedy.de\/wirvonderkennedyfinal\/wp-json\/wp\/v2\/media?parent=8100"}],"wp:term":[{"taxonomy":"category","embeddable":true,"href":"https:\/\/wir-von-der-kennedy.de\/wirvonderkennedyfinal\/wp-json\/wp\/v2\/categories?post=8100"},{"taxonomy":"post_tag","embeddable":true,"href":"https:\/\/wir-von-der-kennedy.de\/wirvonderkennedyfinal\/wp-json\/wp\/v2\/tags?post=8100"}],"curies":[{"name":"wp","href":"https:\/\/api.w.org\/{rel}","templated":true}]}}