{"id":8298,"date":"2018-06-17T12:46:09","date_gmt":"2018-06-17T10:46:09","guid":{"rendered":"http:\/\/wir-von-der-kennedy.de\/wirvonderkennedyfinal\/?p=8298"},"modified":"2018-06-17T22:22:46","modified_gmt":"2018-06-17T20:22:46","slug":"adele-im-kulturforum-dortelweil","status":"publish","type":"post","link":"https:\/\/wir-von-der-kennedy.de\/wirvonderkennedyfinal\/adele-im-kulturforum-dortelweil\/","title":{"rendered":"Adele im Kulturforum Dortelweil!"},"content":{"rendered":"<p>Freitag, der 15. Juni 2018, 16 Uhr. Im Kultur- und Sportforum Dortelweil feierten ca. 100 JFK-Sch\u00fcler und -Sch\u00fclerinnen ihren Schulabschluss und nahmen ihre Zeugnisse entgegen. Die zweieinhalbst\u00fcndige Veranstaltung lie\u00df keine Langeweile aufkommen: Neben einer tollen Tanzeinlage der jungen Damen der 10a, einem Lehrer-Sch\u00fclerin-Duett, witzigen Lehrerclips, einem sehr netten Auftritt der 9d und vielem mehr gab es nat\u00fcrlich auch eine zum Teil launige, zum Teil nachdenkliche Rede des Schulleiters Markus Maienschein. Ernster wurde es auch, als Abschlussklassenlehrerin Astrid Logisch in ihrer Rede an Toleranz gegen\u00fcber Fl\u00fcchtlingen appellierte und erz\u00e4hlte, dass sie selbst 1953 ein Fl\u00fcchtlingskind gewesen sei. Besonders sch\u00f6n war auch der Auftritt von Luisa Sch\u00fcrmann aus der 10b, die mit einem Song der britischen S\u00e4ngerin Adele Mitsch\u00fcler, Eltern, Verwandte, Freunde und Lehrer begeistern konnte. Dagegen war die Rede der beiden Schulsprecher entt\u00e4uschend &#8211; hoffentlich eher wegen der gro\u00dfen Aufregung als wegen mangelnder Vorbereitung&#8230; Lobend erw\u00e4hnt werden muss zu guter Letzt noch das freundliche und toll organisierte Catering der Vorabschlussklasse 9b!<\/p>\n<p><a href=\"http:\/\/wir-von-der-kennedy.de\/wirvonderkennedyfinal\/wp-content\/uploads\/2018\/06\/IMG-20180617-WA0005.jpg\"><img loading=\"lazy\" decoding=\"async\" class=\"alignnone size-medium wp-image-8300\" src=\"http:\/\/wir-von-der-kennedy.de\/wirvonderkennedyfinal\/wp-content\/uploads\/2018\/06\/IMG-20180617-WA0005-300x169.jpg\" alt=\"\" width=\"300\" height=\"169\" srcset=\"https:\/\/wir-von-der-kennedy.de\/wirvonderkennedyfinal\/wp-content\/uploads\/2018\/06\/IMG-20180617-WA0005-300x169.jpg 300w, https:\/\/wir-von-der-kennedy.de\/wirvonderkennedyfinal\/wp-content\/uploads\/2018\/06\/IMG-20180617-WA0005-768x432.jpg 768w, https:\/\/wir-von-der-kennedy.de\/wirvonderkennedyfinal\/wp-content\/uploads\/2018\/06\/IMG-20180617-WA0005-1024x576.jpg 1024w, https:\/\/wir-von-der-kennedy.de\/wirvonderkennedyfinal\/wp-content\/uploads\/2018\/06\/IMG-20180617-WA0005.jpg 1600w\" sizes=\"auto, (max-width: 300px) 100vw, 300px\" \/><\/a><\/p>\n","protected":false},"excerpt":{"rendered":"<p>Freitag, der 15. Juni 2018, 16 Uhr. Im Kultur- und Sportforum Dortelweil feierten ca. 100 JFK-Sch\u00fcler und -Sch\u00fclerinnen ihren Schulabschluss und nahmen ihre Zeugnisse entgegen. Die zweieinhalbst\u00fcndige Veranstaltung lie\u00df keine Langeweile aufkommen: Neben einer tollen Tanzeinlage der jungen Damen der 10a, einem Lehrer-Sch\u00fclerin-Duett, witzigen Lehrerclips, einem sehr netten Auftritt der 9d und vielem mehr gab&#8230; <\/p>\n<div class=\"clear\"><\/div>\n<p><a href=\"https:\/\/wir-von-der-kennedy.de\/wirvonderkennedyfinal\/adele-im-kulturforum-dortelweil\/\" class=\"gdlr-info-font excerpt-read-more\">Read More<\/a><\/p>\n","protected":false},"author":2,"featured_media":0,"comment_status":"closed","ping_status":"closed","sticky":false,"template":"","format":"standard","meta":{"_crdt_document":"","footnotes":""},"categories":[1],"tags":[],"class_list":["post-8298","post","type-post","status-publish","format-standard","hentry","category-allgemein"],"_links":{"self":[{"href":"https:\/\/wir-von-der-kennedy.de\/wirvonderkennedyfinal\/wp-json\/wp\/v2\/posts\/8298","targetHints":{"allow":["GET"]}}],"collection":[{"href":"https:\/\/wir-von-der-kennedy.de\/wirvonderkennedyfinal\/wp-json\/wp\/v2\/posts"}],"about":[{"href":"https:\/\/wir-von-der-kennedy.de\/wirvonderkennedyfinal\/wp-json\/wp\/v2\/types\/post"}],"author":[{"embeddable":true,"href":"https:\/\/wir-von-der-kennedy.de\/wirvonderkennedyfinal\/wp-json\/wp\/v2\/users\/2"}],"replies":[{"embeddable":true,"href":"https:\/\/wir-von-der-kennedy.de\/wirvonderkennedyfinal\/wp-json\/wp\/v2\/comments?post=8298"}],"version-history":[{"count":4,"href":"https:\/\/wir-von-der-kennedy.de\/wirvonderkennedyfinal\/wp-json\/wp\/v2\/posts\/8298\/revisions"}],"predecessor-version":[{"id":8303,"href":"https:\/\/wir-von-der-kennedy.de\/wirvonderkennedyfinal\/wp-json\/wp\/v2\/posts\/8298\/revisions\/8303"}],"wp:attachment":[{"href":"https:\/\/wir-von-der-kennedy.de\/wirvonderkennedyfinal\/wp-json\/wp\/v2\/media?parent=8298"}],"wp:term":[{"taxonomy":"category","embeddable":true,"href":"https:\/\/wir-von-der-kennedy.de\/wirvonderkennedyfinal\/wp-json\/wp\/v2\/categories?post=8298"},{"taxonomy":"post_tag","embeddable":true,"href":"https:\/\/wir-von-der-kennedy.de\/wirvonderkennedyfinal\/wp-json\/wp\/v2\/tags?post=8298"}],"curies":[{"name":"wp","href":"https:\/\/api.w.org\/{rel}","templated":true}]}}