{"id":8649,"date":"2018-11-14T21:43:54","date_gmt":"2018-11-14T20:43:54","guid":{"rendered":"http:\/\/wir-von-der-kennedy.de\/wirvonderkennedyfinal\/?p=8649"},"modified":"2018-11-17T17:25:42","modified_gmt":"2018-11-17T16:25:42","slug":"trauerfeier-fuer-peter-mayboehm","status":"publish","type":"post","link":"https:\/\/wir-von-der-kennedy.de\/wirvonderkennedyfinal\/trauerfeier-fuer-peter-mayboehm\/","title":{"rendered":"Trauerfeier f\u00fcr Peter Mayb\u00f6hm"},"content":{"rendered":"<p>Peter Mayb\u00f6hm, langj\u00e4hriger Schulleiter der John-F.-Kennedy-Schule, ist leider am 1. November 2018 verstorben. Die Trauerfeier mit anschlie\u00dfender Urnenbeisetzung fand am Freitag, den 16. November 2018, um 14 Uhr auf dem Friedhof in Bad Vilbel, Lohstra\u00dfe statt. Unter den zahlreichen Menschen, die Peter Mayb\u00f6hm die letzte Ehre erweisen wollten, waren auch die Schulleitung, aktuelle und ehemalige Lehrerinnen und Lehrer, Mitarbeiter der JFK sowie viele Sch\u00fcler und Sch\u00fclerinnen, die zurzeit die JFK besuchen oder vor Jahren hier ihren Abschluss gemacht haben.<\/p>\n<p><a href=\"http:\/\/wir-von-der-kennedy.de\/wirvonderkennedyfinal\/wp-content\/uploads\/2018\/11\/Peter-Mayb\u00f6hm-Urne.jpg\"><img loading=\"lazy\" decoding=\"async\" class=\"alignnone wp-image-8653\" src=\"http:\/\/wir-von-der-kennedy.de\/wirvonderkennedyfinal\/wp-content\/uploads\/2018\/11\/Peter-Mayb\u00f6hm-Urne-300x169.jpg\" alt=\"\" width=\"400\" height=\"225\" srcset=\"https:\/\/wir-von-der-kennedy.de\/wirvonderkennedyfinal\/wp-content\/uploads\/2018\/11\/Peter-Mayb\u00f6hm-Urne-300x169.jpg 300w, https:\/\/wir-von-der-kennedy.de\/wirvonderkennedyfinal\/wp-content\/uploads\/2018\/11\/Peter-Mayb\u00f6hm-Urne-768x432.jpg 768w, https:\/\/wir-von-der-kennedy.de\/wirvonderkennedyfinal\/wp-content\/uploads\/2018\/11\/Peter-Mayb\u00f6hm-Urne-1024x576.jpg 1024w, https:\/\/wir-von-der-kennedy.de\/wirvonderkennedyfinal\/wp-content\/uploads\/2018\/11\/Peter-Mayb\u00f6hm-Urne.jpg 1080w\" sizes=\"auto, (max-width: 400px) 100vw, 400px\" \/><\/a><\/p>\n","protected":false},"excerpt":{"rendered":"<p>Peter Mayb\u00f6hm, langj\u00e4hriger Schulleiter der John-F.-Kennedy-Schule, ist leider am 1. November 2018 verstorben. Die Trauerfeier mit anschlie\u00dfender Urnenbeisetzung fand am Freitag, den 16. November 2018, um 14 Uhr auf dem Friedhof in Bad Vilbel, Lohstra\u00dfe statt. Unter den zahlreichen Menschen, die Peter Mayb\u00f6hm die letzte Ehre erweisen wollten, waren auch die Schulleitung, aktuelle und ehemalige&#8230; <\/p>\n<div class=\"clear\"><\/div>\n<p><a href=\"https:\/\/wir-von-der-kennedy.de\/wirvonderkennedyfinal\/trauerfeier-fuer-peter-mayboehm\/\" class=\"gdlr-info-font excerpt-read-more\">Read More<\/a><\/p>\n","protected":false},"author":2,"featured_media":0,"comment_status":"open","ping_status":"closed","sticky":false,"template":"","format":"standard","meta":{"_crdt_document":"","footnotes":""},"categories":[1],"tags":[],"class_list":["post-8649","post","type-post","status-publish","format-standard","hentry","category-allgemein"],"_links":{"self":[{"href":"https:\/\/wir-von-der-kennedy.de\/wirvonderkennedyfinal\/wp-json\/wp\/v2\/posts\/8649","targetHints":{"allow":["GET"]}}],"collection":[{"href":"https:\/\/wir-von-der-kennedy.de\/wirvonderkennedyfinal\/wp-json\/wp\/v2\/posts"}],"about":[{"href":"https:\/\/wir-von-der-kennedy.de\/wirvonderkennedyfinal\/wp-json\/wp\/v2\/types\/post"}],"author":[{"embeddable":true,"href":"https:\/\/wir-von-der-kennedy.de\/wirvonderkennedyfinal\/wp-json\/wp\/v2\/users\/2"}],"replies":[{"embeddable":true,"href":"https:\/\/wir-von-der-kennedy.de\/wirvonderkennedyfinal\/wp-json\/wp\/v2\/comments?post=8649"}],"version-history":[{"count":3,"href":"https:\/\/wir-von-der-kennedy.de\/wirvonderkennedyfinal\/wp-json\/wp\/v2\/posts\/8649\/revisions"}],"predecessor-version":[{"id":8654,"href":"https:\/\/wir-von-der-kennedy.de\/wirvonderkennedyfinal\/wp-json\/wp\/v2\/posts\/8649\/revisions\/8654"}],"wp:attachment":[{"href":"https:\/\/wir-von-der-kennedy.de\/wirvonderkennedyfinal\/wp-json\/wp\/v2\/media?parent=8649"}],"wp:term":[{"taxonomy":"category","embeddable":true,"href":"https:\/\/wir-von-der-kennedy.de\/wirvonderkennedyfinal\/wp-json\/wp\/v2\/categories?post=8649"},{"taxonomy":"post_tag","embeddable":true,"href":"https:\/\/wir-von-der-kennedy.de\/wirvonderkennedyfinal\/wp-json\/wp\/v2\/tags?post=8649"}],"curies":[{"name":"wp","href":"https:\/\/api.w.org\/{rel}","templated":true}]}}