{"id":8760,"date":"2018-12-20T22:21:16","date_gmt":"2018-12-20T21:21:16","guid":{"rendered":"http:\/\/wir-von-der-kennedy.de\/wirvonderkennedyfinal\/?p=8760"},"modified":"2019-01-16T17:11:17","modified_gmt":"2019-01-16T16:11:17","slug":"theaterprojekt-mein-leben-meine-liebe-meine-ehre","status":"publish","type":"post","link":"https:\/\/wir-von-der-kennedy.de\/wirvonderkennedyfinal\/theaterprojekt-mein-leben-meine-liebe-meine-ehre\/","title":{"rendered":"Theaterprojekt \u201eMein Leben. Meine Liebe. Meine Ehre?\u201c"},"content":{"rendered":"<p>Einen besonderen Projekttag erlebten rund 70 Sch\u00fclerinnen und Sch\u00fcler der John-F.- Kennedy Schule am 14.12.2018 in Bad Vilbel. Auf Initiative der F\u00f6rderschullehrerin Caroline Haberland war das Theaterprojekt \u201eMein Leben. Meine Liebe. Meine Ehre?\u201c zu Gast und diskutierte mit Jugendlichen der Klassenstufen 8 und 9 das Thema \u201eGewalt im Namen der Ehre\u201c in einem interaktiven Theaterst\u00fcck. Das Projekt wird von der Frauenrechtsorganisation TERRE DES FEMMES\u00a0 e.V.\u00a0 in Kooperation mit der Beratungsstelle M\u00e4ander\u00a0 e.V. und der mobilen Theaterb\u00fchne \u201eMensch: Theater!\u201c durchgef\u00fchrt. Acht Auff\u00fchrungen werden von dem Hessischen Kultusministerium finanziert.<\/p>\n<p><a href=\"http:\/\/wir-von-der-kennedy.de\/wirvonderkennedyfinal\/wp-content\/uploads\/2018\/12\/IMG_5188.jpg\"><img loading=\"lazy\" decoding=\"async\" class=\"alignnone wp-image-8780 size-medium\" src=\"http:\/\/wir-von-der-kennedy.de\/wirvonderkennedyfinal\/wp-content\/uploads\/2018\/12\/IMG_5188-300x200.jpg\" alt=\"\" width=\"300\" height=\"200\" srcset=\"https:\/\/wir-von-der-kennedy.de\/wirvonderkennedyfinal\/wp-content\/uploads\/2018\/12\/IMG_5188-300x200.jpg 300w, https:\/\/wir-von-der-kennedy.de\/wirvonderkennedyfinal\/wp-content\/uploads\/2018\/12\/IMG_5188-768x512.jpg 768w, https:\/\/wir-von-der-kennedy.de\/wirvonderkennedyfinal\/wp-content\/uploads\/2018\/12\/IMG_5188-1024x682.jpg 1024w, https:\/\/wir-von-der-kennedy.de\/wirvonderkennedyfinal\/wp-content\/uploads\/2018\/12\/IMG_5188.jpg 1078w\" sizes=\"auto, (max-width: 300px) 100vw, 300px\" \/><\/a> \u00a0<a href=\"http:\/\/wir-von-der-kennedy.de\/wirvonderkennedyfinal\/wp-content\/uploads\/2018\/12\/IMG_5189.jpg\"><img loading=\"lazy\" decoding=\"async\" class=\"alignnone wp-image-8781 size-medium\" src=\"http:\/\/wir-von-der-kennedy.de\/wirvonderkennedyfinal\/wp-content\/uploads\/2018\/12\/IMG_5189-300x200.jpg\" alt=\"\" width=\"300\" height=\"200\" srcset=\"https:\/\/wir-von-der-kennedy.de\/wirvonderkennedyfinal\/wp-content\/uploads\/2018\/12\/IMG_5189-300x200.jpg 300w, https:\/\/wir-von-der-kennedy.de\/wirvonderkennedyfinal\/wp-content\/uploads\/2018\/12\/IMG_5189-768x512.jpg 768w, https:\/\/wir-von-der-kennedy.de\/wirvonderkennedyfinal\/wp-content\/uploads\/2018\/12\/IMG_5189-1024x682.jpg 1024w, https:\/\/wir-von-der-kennedy.de\/wirvonderkennedyfinal\/wp-content\/uploads\/2018\/12\/IMG_5189.jpg 1078w\" sizes=\"auto, (max-width: 300px) 100vw, 300px\" \/><\/a><\/p>\n<p>Das Theaterst\u00fcck thematisiert Situationen und Probleme, die viele Jugendliche kennen. Die erste Liebe, Konflikte mit Eltern und Freunden oder die Einengung von Selbstbestimmtheit. F\u00fcr Jugendliche aus streng patriarchalen Familien gilt dies h\u00e4ufig in besonderem Ma\u00df. Die Sch\u00fclerinnen und Sch\u00fcler setzten sich schon w\u00e4hrend des St\u00fccks mit dem Thema \u201eGewalt im Namen der Ehre\u201c auseinander und vertieften das Gesehene anschlie\u00dfend in theaterp\u00e4dagogischen Workshops. So wurden verschiedene Konfliktsituationen aus dem Alltag von Jugendlichen auf gegriffen, die mit dem Thema Gewalt im Namen der Ehre zu tun hatten. \u00a0Die verschieden Szenen \u2013 \u00c4chtung von Homosexualit\u00e4t, Einschr\u00e4nkung durch traditionelles Rollenverst\u00e4ndnis, Jungfr\u00e4ulichkeit, Zwangsverheiratung, aber auch Gef\u00e4hrdungssituationen durch Mobbing \u2013 \u00a0wurden vom Ensemble kurz gespielt und danach direkt mit den Jugendlichen besprochen. So konnten sie in das Geschehen eingreifen und Handlungsvorschl\u00e4ge machen, wie eine Situation entsch\u00e4rft oder zu einem anderen Ende kommen konnte.<\/p>\n<p><a href=\"http:\/\/wir-von-der-kennedy.de\/wirvonderkennedyfinal\/wp-content\/uploads\/2018\/12\/IMG_5193.jpg\"><img loading=\"lazy\" decoding=\"async\" class=\"alignnone size-medium wp-image-8785\" src=\"http:\/\/wir-von-der-kennedy.de\/wirvonderkennedyfinal\/wp-content\/uploads\/2018\/12\/IMG_5193-225x300.jpg\" alt=\"\" width=\"225\" height=\"300\" srcset=\"https:\/\/wir-von-der-kennedy.de\/wirvonderkennedyfinal\/wp-content\/uploads\/2018\/12\/IMG_5193-225x300.jpg 225w, https:\/\/wir-von-der-kennedy.de\/wirvonderkennedyfinal\/wp-content\/uploads\/2018\/12\/IMG_5193-768x1024.jpg 768w, https:\/\/wir-von-der-kennedy.de\/wirvonderkennedyfinal\/wp-content\/uploads\/2018\/12\/IMG_5193.jpg 810w\" sizes=\"auto, (max-width: 225px) 100vw, 225px\" \/><\/a> \u00a0<a href=\"http:\/\/wir-von-der-kennedy.de\/wirvonderkennedyfinal\/wp-content\/uploads\/2018\/12\/IMG_5191.jpg\"><img loading=\"lazy\" decoding=\"async\" class=\"alignnone size-medium wp-image-8783\" src=\"http:\/\/wir-von-der-kennedy.de\/wirvonderkennedyfinal\/wp-content\/uploads\/2018\/12\/IMG_5191-225x300.jpg\" alt=\"\" width=\"225\" height=\"300\" srcset=\"https:\/\/wir-von-der-kennedy.de\/wirvonderkennedyfinal\/wp-content\/uploads\/2018\/12\/IMG_5191-225x300.jpg 225w, https:\/\/wir-von-der-kennedy.de\/wirvonderkennedyfinal\/wp-content\/uploads\/2018\/12\/IMG_5191-768x1024.jpg 768w, https:\/\/wir-von-der-kennedy.de\/wirvonderkennedyfinal\/wp-content\/uploads\/2018\/12\/IMG_5191.jpg 810w\" sizes=\"auto, (max-width: 225px) 100vw, 225px\" \/><\/a><\/p>\n<p><a href=\"http:\/\/wir-von-der-kennedy.de\/wirvonderkennedyfinal\/wp-content\/uploads\/2018\/12\/IMG_5190.jpg\"><img loading=\"lazy\" decoding=\"async\" class=\"alignnone size-medium wp-image-8782\" src=\"http:\/\/wir-von-der-kennedy.de\/wirvonderkennedyfinal\/wp-content\/uploads\/2018\/12\/IMG_5190-225x300.jpg\" alt=\"\" width=\"225\" height=\"300\" srcset=\"https:\/\/wir-von-der-kennedy.de\/wirvonderkennedyfinal\/wp-content\/uploads\/2018\/12\/IMG_5190-225x300.jpg 225w, https:\/\/wir-von-der-kennedy.de\/wirvonderkennedyfinal\/wp-content\/uploads\/2018\/12\/IMG_5190-768x1024.jpg 768w, https:\/\/wir-von-der-kennedy.de\/wirvonderkennedyfinal\/wp-content\/uploads\/2018\/12\/IMG_5190.jpg 810w\" sizes=\"auto, (max-width: 225px) 100vw, 225px\" \/><\/a> \u00a0<a href=\"http:\/\/wir-von-der-kennedy.de\/wirvonderkennedyfinal\/wp-content\/uploads\/2018\/12\/IMG_5192.jpg\"><img loading=\"lazy\" decoding=\"async\" class=\"alignnone size-medium wp-image-8784\" src=\"http:\/\/wir-von-der-kennedy.de\/wirvonderkennedyfinal\/wp-content\/uploads\/2018\/12\/IMG_5192-225x300.jpg\" alt=\"\" width=\"225\" height=\"300\" srcset=\"https:\/\/wir-von-der-kennedy.de\/wirvonderkennedyfinal\/wp-content\/uploads\/2018\/12\/IMG_5192-225x300.jpg 225w, https:\/\/wir-von-der-kennedy.de\/wirvonderkennedyfinal\/wp-content\/uploads\/2018\/12\/IMG_5192-768x1024.jpg 768w, https:\/\/wir-von-der-kennedy.de\/wirvonderkennedyfinal\/wp-content\/uploads\/2018\/12\/IMG_5192.jpg 810w\" sizes=\"auto, (max-width: 225px) 100vw, 225px\" \/><\/a><\/p>\n<p>\u201eEs war toll, dass wir mit einbezogen wurden\u201c, meinte eine Sch\u00fclerin nach der Auff\u00fchrung. \u201e Es war gut, dass wir einmal dar\u00fcber geredet haben und die Meinungen der anderen geh\u00f6rt haben\u201c. \u201eMir haben die Diskussionen in den Workshops gefallen\u201c erg\u00e4nzte ein Sch\u00fcler. Parallel zu den Workshops f\u00fcr die Jugendlichen bot Sandra Stopper, von der Organisation TERRE DES FEMMES\u00a0 e.V. ein Informationsgespr\u00e4ch f\u00fcr interessierte Lehrkr\u00e4fte an, die das Angebot gerne wahrnahmen.<\/p>\n<p>TERRE DES FEMMES\u00a0 e.V. und die Beratungsstelle M\u00e4ander\u00a0 e.V. informierten zus\u00e4tzlich mit einem Infostand \u00fcber Hilfs- und Beratungsm\u00f6glichkeiten f\u00fcr Jugendliche, die von Gewalt im Namen der Ehre betroffen sind. Die Auff\u00fchrung in Bad Vilbel war die letzte der diesj\u00e4hrigen Staffel des Theaterprojekts, das bis Dezember 2018 an insgesamt acht Schulen in Hessen aufgef\u00fchrt wurde.<\/p>\n<p><em>Text:\u00a0Sandra Stopper<br \/>\nFotos: Caroline Haberland<br \/>\n<\/em><\/p>\n","protected":false},"excerpt":{"rendered":"<p>Einen besonderen Projekttag erlebten rund 70 Sch\u00fclerinnen und Sch\u00fcler der John-F.- Kennedy Schule am 14.12.2018 in Bad Vilbel. Auf Initiative der F\u00f6rderschullehrerin Caroline Haberland war das Theaterprojekt \u201eMein Leben. Meine Liebe. Meine Ehre?\u201c zu Gast und diskutierte mit Jugendlichen der Klassenstufen 8 und 9 das Thema \u201eGewalt im Namen der Ehre\u201c in einem interaktiven Theaterst\u00fcck&#8230;. <\/p>\n<div class=\"clear\"><\/div>\n<p><a href=\"https:\/\/wir-von-der-kennedy.de\/wirvonderkennedyfinal\/theaterprojekt-mein-leben-meine-liebe-meine-ehre\/\" class=\"gdlr-info-font excerpt-read-more\">Read More<\/a><\/p>\n","protected":false},"author":2,"featured_media":0,"comment_status":"open","ping_status":"closed","sticky":false,"template":"","format":"standard","meta":{"_crdt_document":"","footnotes":""},"categories":[1],"tags":[],"class_list":["post-8760","post","type-post","status-publish","format-standard","hentry","category-allgemein"],"_links":{"self":[{"href":"https:\/\/wir-von-der-kennedy.de\/wirvonderkennedyfinal\/wp-json\/wp\/v2\/posts\/8760","targetHints":{"allow":["GET"]}}],"collection":[{"href":"https:\/\/wir-von-der-kennedy.de\/wirvonderkennedyfinal\/wp-json\/wp\/v2\/posts"}],"about":[{"href":"https:\/\/wir-von-der-kennedy.de\/wirvonderkennedyfinal\/wp-json\/wp\/v2\/types\/post"}],"author":[{"embeddable":true,"href":"https:\/\/wir-von-der-kennedy.de\/wirvonderkennedyfinal\/wp-json\/wp\/v2\/users\/2"}],"replies":[{"embeddable":true,"href":"https:\/\/wir-von-der-kennedy.de\/wirvonderkennedyfinal\/wp-json\/wp\/v2\/comments?post=8760"}],"version-history":[{"count":9,"href":"https:\/\/wir-von-der-kennedy.de\/wirvonderkennedyfinal\/wp-json\/wp\/v2\/posts\/8760\/revisions"}],"predecessor-version":[{"id":8793,"href":"https:\/\/wir-von-der-kennedy.de\/wirvonderkennedyfinal\/wp-json\/wp\/v2\/posts\/8760\/revisions\/8793"}],"wp:attachment":[{"href":"https:\/\/wir-von-der-kennedy.de\/wirvonderkennedyfinal\/wp-json\/wp\/v2\/media?parent=8760"}],"wp:term":[{"taxonomy":"category","embeddable":true,"href":"https:\/\/wir-von-der-kennedy.de\/wirvonderkennedyfinal\/wp-json\/wp\/v2\/categories?post=8760"},{"taxonomy":"post_tag","embeddable":true,"href":"https:\/\/wir-von-der-kennedy.de\/wirvonderkennedyfinal\/wp-json\/wp\/v2\/tags?post=8760"}],"curies":[{"name":"wp","href":"https:\/\/api.w.org\/{rel}","templated":true}]}}