{"id":8880,"date":"2019-02-01T22:55:15","date_gmt":"2019-02-01T21:55:15","guid":{"rendered":"http:\/\/wir-von-der-kennedy.de\/wirvonderkennedyfinal\/?p=8880"},"modified":"2019-02-02T12:21:06","modified_gmt":"2019-02-02T11:21:06","slug":"jfk-begruesst-neuen-konrektor","status":"publish","type":"post","link":"https:\/\/wir-von-der-kennedy.de\/wirvonderkennedyfinal\/jfk-begruesst-neuen-konrektor\/","title":{"rendered":"JFK begr\u00fcsst neuen Konrektor!"},"content":{"rendered":"\n<p class=\"wp-block-paragraph\">P\u00fcnktlich zum Beginn des zweiten Schulhalbjahres ist die Schulleitung nun vollst\u00e4ndig: Schulleiter Markus Maienschein, Gudrun Hillenbrand und Luzie Betz begr\u00fc\u00dften am 1. Februar nach der Zeugnisausgabe den neuen Konrektor Christian Beyersdorf, der in erster Linie f\u00fcr die F\u00f6rderstufe zust\u00e4ndig sein wird. Der Deutsch- und Geschichtslehrer hat zuvor in Altenstadt unterrichtet. <\/p>\n\n\n\n<figure class=\"wp-block-image is-resized\"><a href=\"http:\/\/wir-von-der-kennedy.de\/wirvonderkennedyfinal\/wp-content\/uploads\/2019\/02\/Christian-Beyersdorf-neu.jpg\"><img loading=\"lazy\" decoding=\"async\" src=\"http:\/\/wir-von-der-kennedy.de\/wirvonderkennedyfinal\/wp-content\/uploads\/2019\/02\/Christian-Beyersdorf-neu-1024x683.jpg\" alt=\"\" class=\"wp-image-8852\" width=\"768\" height=\"512\" srcset=\"https:\/\/wir-von-der-kennedy.de\/wirvonderkennedyfinal\/wp-content\/uploads\/2019\/02\/Christian-Beyersdorf-neu-1024x683.jpg 1024w, https:\/\/wir-von-der-kennedy.de\/wirvonderkennedyfinal\/wp-content\/uploads\/2019\/02\/Christian-Beyersdorf-neu-300x200.jpg 300w, https:\/\/wir-von-der-kennedy.de\/wirvonderkennedyfinal\/wp-content\/uploads\/2019\/02\/Christian-Beyersdorf-neu-768x512.jpg 768w\" sizes=\"auto, (max-width: 768px) 100vw, 768px\" \/><\/a><\/figure>\n","protected":false},"excerpt":{"rendered":"<p>P\u00fcnktlich zum Beginn des zweiten Schulhalbjahres ist die Schulleitung nun vollst\u00e4ndig: Schulleiter Markus Maienschein, Gudrun Hillenbrand und Luzie Betz begr\u00fc\u00dften am 1. Februar nach der Zeugnisausgabe den neuen Konrektor Christian Beyersdorf, der in erster Linie f\u00fcr die F\u00f6rderstufe zust\u00e4ndig sein wird. Der Deutsch- und Geschichtslehrer hat zuvor in Altenstadt unterrichtet.<\/p>\n","protected":false},"author":2,"featured_media":0,"comment_status":"open","ping_status":"closed","sticky":false,"template":"","format":"standard","meta":{"_crdt_document":"","footnotes":""},"categories":[1],"tags":[],"class_list":["post-8880","post","type-post","status-publish","format-standard","hentry","category-allgemein"],"_links":{"self":[{"href":"https:\/\/wir-von-der-kennedy.de\/wirvonderkennedyfinal\/wp-json\/wp\/v2\/posts\/8880","targetHints":{"allow":["GET"]}}],"collection":[{"href":"https:\/\/wir-von-der-kennedy.de\/wirvonderkennedyfinal\/wp-json\/wp\/v2\/posts"}],"about":[{"href":"https:\/\/wir-von-der-kennedy.de\/wirvonderkennedyfinal\/wp-json\/wp\/v2\/types\/post"}],"author":[{"embeddable":true,"href":"https:\/\/wir-von-der-kennedy.de\/wirvonderkennedyfinal\/wp-json\/wp\/v2\/users\/2"}],"replies":[{"embeddable":true,"href":"https:\/\/wir-von-der-kennedy.de\/wirvonderkennedyfinal\/wp-json\/wp\/v2\/comments?post=8880"}],"version-history":[{"count":6,"href":"https:\/\/wir-von-der-kennedy.de\/wirvonderkennedyfinal\/wp-json\/wp\/v2\/posts\/8880\/revisions"}],"predecessor-version":[{"id":8886,"href":"https:\/\/wir-von-der-kennedy.de\/wirvonderkennedyfinal\/wp-json\/wp\/v2\/posts\/8880\/revisions\/8886"}],"wp:attachment":[{"href":"https:\/\/wir-von-der-kennedy.de\/wirvonderkennedyfinal\/wp-json\/wp\/v2\/media?parent=8880"}],"wp:term":[{"taxonomy":"category","embeddable":true,"href":"https:\/\/wir-von-der-kennedy.de\/wirvonderkennedyfinal\/wp-json\/wp\/v2\/categories?post=8880"},{"taxonomy":"post_tag","embeddable":true,"href":"https:\/\/wir-von-der-kennedy.de\/wirvonderkennedyfinal\/wp-json\/wp\/v2\/tags?post=8880"}],"curies":[{"name":"wp","href":"https:\/\/api.w.org\/{rel}","templated":true}]}}