{"id":8966,"date":"2019-02-10T23:32:42","date_gmt":"2019-02-10T22:32:42","guid":{"rendered":"http:\/\/wir-von-der-kennedy.de\/wirvonderkennedyfinal\/?p=8966"},"modified":"2019-02-12T23:29:45","modified_gmt":"2019-02-12T22:29:45","slug":"video-zum-tag-der-offenen-tuer-2019","status":"publish","type":"post","link":"https:\/\/wir-von-der-kennedy.de\/wirvonderkennedyfinal\/video-zum-tag-der-offenen-tuer-2019\/","title":{"rendered":"Video und Fotos zum Tag der offenen T\u00fcr 2019!"},"content":{"rendered":"\r\n<p class=\"wp-block-paragraph\">Am 9. Februar 2019 fand der traditionelle Tag der offenen T\u00fcr statt. Die JFK stellte mal wieder ihre Vielseitigkeit unter Beweis und \u00fcberdurchschnittlich viele Besucher schauten sich das Gebotene an. Die Naturwissenschaften zeigten ihr komplettes Repertoire vom Tierskelett bis zum Raketenstart, Holz- und Textilwerkst\u00e4tten pr\u00e4sentierten ihr K\u00f6nnen, K\u00fcche und Streitschlichter sorgten neben dem Angebot in der Mensa f\u00fcr Kulinarisches, im IT-Raum staunte man \u00fcber selbst entworfene PC-Spiele, in der Turnhalle konnten Gro\u00df und Klein sich austoben und und und. Die Sch\u00fclerzeitung &#8222;jfk-news&#8220; zeigt exklusiv das Video zum Tag der offenen T\u00fcr! <a href=\"http:\/\/wir-von-der-kennedy.de\/wirvonderkennedyfinal\/schuljahr-2018-2019-2-halbjahr\/\">Zum Video in der Sch\u00fclerzeitung!<\/a><\/p>\r\n\r\n\r\n\r\n<p class=\"wp-block-paragraph\">Die Fotos vom Tag der offenen T\u00fcr sind unter &#8222;Sch\u00fclerzeitung \/ Bildergalerien&#8220; zu sehen. \u00dcbrigens: Alle Bildergalerien zeigen sich seit diesem Jahr im neuen Gewand! <a href=\"http:\/\/wir-von-der-kennedy.de\/wirvonderkennedyfinal\/fotos-vom-tag-der-offenen-tuer-am-9-02-2019\/\">Zu den Fotos in der Bildergalerie!<\/a><\/p>\r\n\r\n\r\n\r\n<p class=\"wp-block-paragraph\">&nbsp;<\/p>\r\n","protected":false},"excerpt":{"rendered":"<p>Am 9. Februar 2019 fand der traditionelle Tag der offenen T\u00fcr statt. Die JFK stellte mal wieder ihre Vielseitigkeit unter Beweis und \u00fcberdurchschnittlich viele Besucher schauten sich das Gebotene an. Die Naturwissenschaften zeigten ihr komplettes Repertoire vom Tierskelett bis zum Raketenstart, Holz- und Textilwerkst\u00e4tten pr\u00e4sentierten ihr K\u00f6nnen, K\u00fcche und Streitschlichter sorgten neben dem Angebot in&#8230; <\/p>\n<div class=\"clear\"><\/div>\n<p><a href=\"https:\/\/wir-von-der-kennedy.de\/wirvonderkennedyfinal\/video-zum-tag-der-offenen-tuer-2019\/\" class=\"gdlr-info-font excerpt-read-more\">Read More<\/a><\/p>\n","protected":false},"author":2,"featured_media":0,"comment_status":"open","ping_status":"closed","sticky":false,"template":"","format":"standard","meta":{"_crdt_document":"","footnotes":""},"categories":[1],"tags":[],"class_list":["post-8966","post","type-post","status-publish","format-standard","hentry","category-allgemein"],"_links":{"self":[{"href":"https:\/\/wir-von-der-kennedy.de\/wirvonderkennedyfinal\/wp-json\/wp\/v2\/posts\/8966","targetHints":{"allow":["GET"]}}],"collection":[{"href":"https:\/\/wir-von-der-kennedy.de\/wirvonderkennedyfinal\/wp-json\/wp\/v2\/posts"}],"about":[{"href":"https:\/\/wir-von-der-kennedy.de\/wirvonderkennedyfinal\/wp-json\/wp\/v2\/types\/post"}],"author":[{"embeddable":true,"href":"https:\/\/wir-von-der-kennedy.de\/wirvonderkennedyfinal\/wp-json\/wp\/v2\/users\/2"}],"replies":[{"embeddable":true,"href":"https:\/\/wir-von-der-kennedy.de\/wirvonderkennedyfinal\/wp-json\/wp\/v2\/comments?post=8966"}],"version-history":[{"count":8,"href":"https:\/\/wir-von-der-kennedy.de\/wirvonderkennedyfinal\/wp-json\/wp\/v2\/posts\/8966\/revisions"}],"predecessor-version":[{"id":9286,"href":"https:\/\/wir-von-der-kennedy.de\/wirvonderkennedyfinal\/wp-json\/wp\/v2\/posts\/8966\/revisions\/9286"}],"wp:attachment":[{"href":"https:\/\/wir-von-der-kennedy.de\/wirvonderkennedyfinal\/wp-json\/wp\/v2\/media?parent=8966"}],"wp:term":[{"taxonomy":"category","embeddable":true,"href":"https:\/\/wir-von-der-kennedy.de\/wirvonderkennedyfinal\/wp-json\/wp\/v2\/categories?post=8966"},{"taxonomy":"post_tag","embeddable":true,"href":"https:\/\/wir-von-der-kennedy.de\/wirvonderkennedyfinal\/wp-json\/wp\/v2\/tags?post=8966"}],"curies":[{"name":"wp","href":"https:\/\/api.w.org\/{rel}","templated":true}]}}